{"id":185802,"date":"2021-07-23T06:00:36","date_gmt":"2021-07-23T09:00:36","guid":{"rendered":"https:\/\/diarioregionaldigital.com.br\/?p=185802"},"modified":"2021-07-22T23:59:25","modified_gmt":"2021-07-23T02:59:25","slug":"ministerio-publico-do-estado-de-minas-gerais-oficio-no215-2021-23-07-2021","status":"publish","type":"post","link":"https:\/\/diarioregionaldigital.com.br\/?p=185802","title":{"rendered":"Minist\u00e9rio P\u00fablico do Estado de Minas Gerais &#8211; Of\u00edcio n\u00ba215\/2021 &#8211; 23\/07\/2021"},"content":{"rendered":"<p><img loading=\"lazy\" decoding=\"async\" class=\"aligncenter wp-image-185798\" src=\"https:\/\/diarioregionaldigital.com.br\/wp-content\/uploads\/2021\/07\/Oficio1.jpg\" alt=\"\" width=\"500\" height=\"634\" srcset=\"https:\/\/diarioregionaldigital.com.br\/wp-content\/uploads\/2021\/07\/Oficio1.jpg 1714w, https:\/\/diarioregionaldigital.com.br\/wp-content\/uploads\/2021\/07\/Oficio1-237x300.jpg 237w, https:\/\/diarioregionaldigital.com.br\/wp-content\/uploads\/2021\/07\/Oficio1-808x1024.jpg 808w, https:\/\/diarioregionaldigital.com.br\/wp-content\/uploads\/2021\/07\/Oficio1-768x974.jpg 768w, https:\/\/diarioregionaldigital.com.br\/wp-content\/uploads\/2021\/07\/Oficio1-1212x1536.jpg 1212w, https:\/\/diarioregionaldigital.com.br\/wp-content\/uploads\/2021\/07\/Oficio1-1615x2048.jpg 1615w, https:\/\/diarioregionaldigital.com.br\/wp-content\/uploads\/2021\/07\/Oficio1-360x456.jpg 360w\" sizes=\"auto, (max-width: 500px) 100vw, 500px\" \/> <img loading=\"lazy\" decoding=\"async\" class=\"aligncenter wp-image-185799\" src=\"https:\/\/diarioregionaldigital.com.br\/wp-content\/uploads\/2021\/07\/Oficio2.jpg\" alt=\"\" width=\"500\" height=\"682\" srcset=\"https:\/\/diarioregionaldigital.com.br\/wp-content\/uploads\/2021\/07\/Oficio2.jpg 1748w, https:\/\/diarioregionaldigital.com.br\/wp-content\/uploads\/2021\/07\/Oficio2-220x300.jpg 220w, https:\/\/diarioregionaldigital.com.br\/wp-content\/uploads\/2021\/07\/Oficio2-750x1024.jpg 750w, https:\/\/diarioregionaldigital.com.br\/wp-content\/uploads\/2021\/07\/Oficio2-768x1048.jpg 768w, https:\/\/diarioregionaldigital.com.br\/wp-content\/uploads\/2021\/07\/Oficio2-1125x1536.jpg 1125w, https:\/\/diarioregionaldigital.com.br\/wp-content\/uploads\/2021\/07\/Oficio2-1500x2048.jpg 1500w, https:\/\/diarioregionaldigital.com.br\/wp-content\/uploads\/2021\/07\/Oficio2-360x491.jpg 360w\" sizes=\"auto, (max-width: 500px) 100vw, 500px\" \/><\/p>\n","protected":false},"excerpt":{"rendered":"","protected":false},"author":96,"featured_media":0,"comment_status":"closed","ping_status":"closed","sticky":false,"template":"","format":"standard","meta":{"footnotes":""},"categories":[307],"tags":[],"class_list":["post-185802","post","type-post","status-publish","format-standard","hentry","category-editais"],"_links":{"self":[{"href":"https:\/\/diarioregionaldigital.com.br\/index.php?rest_route=\/wp\/v2\/posts\/185802","targetHints":{"allow":["GET"]}}],"collection":[{"href":"https:\/\/diarioregionaldigital.com.br\/index.php?rest_route=\/wp\/v2\/posts"}],"about":[{"href":"https:\/\/diarioregionaldigital.com.br\/index.php?rest_route=\/wp\/v2\/types\/post"}],"author":[{"embeddable":true,"href":"https:\/\/diarioregionaldigital.com.br\/index.php?rest_route=\/wp\/v2\/users\/96"}],"replies":[{"embeddable":true,"href":"https:\/\/diarioregionaldigital.com.br\/index.php?rest_route=%2Fwp%2Fv2%2Fcomments&post=185802"}],"version-history":[{"count":1,"href":"https:\/\/diarioregionaldigital.com.br\/index.php?rest_route=\/wp\/v2\/posts\/185802\/revisions"}],"predecessor-version":[{"id":185803,"href":"https:\/\/diarioregionaldigital.com.br\/index.php?rest_route=\/wp\/v2\/posts\/185802\/revisions\/185803"}],"wp:attachment":[{"href":"https:\/\/diarioregionaldigital.com.br\/index.php?rest_route=%2Fwp%2Fv2%2Fmedia&parent=185802"}],"wp:term":[{"taxonomy":"category","embeddable":true,"href":"https:\/\/diarioregionaldigital.com.br\/index.php?rest_route=%2Fwp%2Fv2%2Fcategories&post=185802"},{"taxonomy":"post_tag","embeddable":true,"href":"https:\/\/diarioregionaldigital.com.br\/index.php?rest_route=%2Fwp%2Fv2%2Ftags&post=185802"}],"curies":[{"name":"wp","href":"https:\/\/api.w.org\/{rel}","templated":true}]}}