{"id":185795,"date":"2021-07-22T20:11:46","date_gmt":"2021-07-22T23:11:46","guid":{"rendered":"https:\/\/diarioregionaldigital.com.br\/?p=185795"},"modified":"2021-07-22T20:11:46","modified_gmt":"2021-07-22T23:11:46","slug":"bairro-benfica-recebe-140-metros-de-novas-redes-de-esgoto","status":"publish","type":"post","link":"https:\/\/diarioregionaldigital.com.br\/?p=185795","title":{"rendered":"Bairro Benfica recebe 140 metros de novas redes de esgoto"},"content":{"rendered":"<p>Nesta quinta-feira, 21, a Companhia de Saneamento Municipal (Cesama) da Prefeitura de Juiz de Fora (PJF) d\u00e1 continuidade \u00e0 remodela\u00e7\u00e3o de 140 metros de redes de esgoto na rua Jo\u00e3o Louren\u00e7o Marcelino, no bairro Benfica. A obra teve in\u00edcio nesta segunda-feira, 19, e a previs\u00e3o \u00e9 de que seja conclu\u00edda at\u00e9 o final da pr\u00f3xima semana.<\/p>\n<p>Segundo informa\u00e7\u00f5es do site da Prefeitura de Juiz de Fora, o objetivo da interven\u00e7\u00e3o \u00e9 melhorar o servi\u00e7o de coleta local, substituindo as antigas manilhas de barro da via por novos tubos de PVC, com 150 mil\u00edmetros de di\u00e2metro. Como a interven\u00e7\u00e3o acontece em uma \u00e1rea de servid\u00e3o, n\u00e3o foi necess\u00e1rio intervir no fluxo de ve\u00edculos da rua.<\/p>\n<p>As a\u00e7\u00f5es de remodela\u00e7\u00e3o s\u00e3o realizadas ao longo de todo o ano, seguindo programa\u00e7\u00e3o de prioridades, quando \u00e9 avaliada a necessidade de troca. Esta an\u00e1lise leva em conta a antiguidade e o desgaste do material, o fato de o dimensionamento da tubula\u00e7\u00e3o j\u00e1 n\u00e3o ser compat\u00edvel com o n\u00famero de im\u00f3veis atendidos e os transtornos causados aos usu\u00e1rios do sistema, al\u00e9m dos custos de manuten\u00e7\u00e3o.<\/p>\n","protected":false},"excerpt":{"rendered":"<p>Nesta quinta-feira, 21, a Companhia de Saneamento Municipal (Cesama) da Prefeitura de Juiz de Fora (PJF) d\u00e1 continuidade \u00e0 remodela\u00e7\u00e3o de 140 metros de redes de esgoto na rua Jo\u00e3o Louren\u00e7o Marcelino, no bairro Benfica. A obra teve in\u00edcio nesta segunda-feira, 19, e a previs\u00e3o \u00e9 de que seja conclu\u00edda at\u00e9 o final da pr\u00f3xima [&hellip;]<\/p>\n","protected":false},"author":246,"featured_media":185796,"comment_status":"closed","ping_status":"closed","sticky":false,"template":"","format":"standard","meta":{"footnotes":""},"categories":[253,436,439],"tags":[],"class_list":["post-185795","post","type-post","status-publish","format-standard","has-post-thumbnail","hentry","category-cidade","category-destaque-da-semana","category-ultima-hora"],"_links":{"self":[{"href":"https:\/\/diarioregionaldigital.com.br\/index.php?rest_route=\/wp\/v2\/posts\/185795","targetHints":{"allow":["GET"]}}],"collection":[{"href":"https:\/\/diarioregionaldigital.com.br\/index.php?rest_route=\/wp\/v2\/posts"}],"about":[{"href":"https:\/\/diarioregionaldigital.com.br\/index.php?rest_route=\/wp\/v2\/types\/post"}],"author":[{"embeddable":true,"href":"https:\/\/diarioregionaldigital.com.br\/index.php?rest_route=\/wp\/v2\/users\/246"}],"replies":[{"embeddable":true,"href":"https:\/\/diarioregionaldigital.com.br\/index.php?rest_route=%2Fwp%2Fv2%2Fcomments&post=185795"}],"version-history":[{"count":1,"href":"https:\/\/diarioregionaldigital.com.br\/index.php?rest_route=\/wp\/v2\/posts\/185795\/revisions"}],"predecessor-version":[{"id":185797,"href":"https:\/\/diarioregionaldigital.com.br\/index.php?rest_route=\/wp\/v2\/posts\/185795\/revisions\/185797"}],"wp:featuredmedia":[{"embeddable":true,"href":"https:\/\/diarioregionaldigital.com.br\/index.php?rest_route=\/wp\/v2\/media\/185796"}],"wp:attachment":[{"href":"https:\/\/diarioregionaldigital.com.br\/index.php?rest_route=%2Fwp%2Fv2%2Fmedia&parent=185795"}],"wp:term":[{"taxonomy":"category","embeddable":true,"href":"https:\/\/diarioregionaldigital.com.br\/index.php?rest_route=%2Fwp%2Fv2%2Fcategories&post=185795"},{"taxonomy":"post_tag","embeddable":true,"href":"https:\/\/diarioregionaldigital.com.br\/index.php?rest_route=%2Fwp%2Fv2%2Ftags&post=185795"}],"curies":[{"name":"wp","href":"https:\/\/api.w.org\/{rel}","templated":true}]}}