{"id":185792,"date":"2021-07-22T20:08:18","date_gmt":"2021-07-22T23:08:18","guid":{"rendered":"https:\/\/diarioregionaldigital.com.br\/?p=185792"},"modified":"2021-07-22T20:08:18","modified_gmt":"2021-07-22T23:08:18","slug":"pjf-apoia-agricultores-no-processo-de-colheita-de-feijao","status":"publish","type":"post","link":"https:\/\/diarioregionaldigital.com.br\/?p=185792","title":{"rendered":"PJF apoia agricultores no processo de colheita de feij\u00e3o"},"content":{"rendered":"<p>Durante os meses de junho e julho, a Prefeitura de Juiz de Fora (PJF) por meio da Secretaria de Agricultura, Pecu\u00e1ria e Abastecimento (Seapa), apoiou agricultores familiares do munic\u00edpio no processo de colheita do feij\u00e3o. Foram mais de tr\u00eas toneladas de feij\u00e3o beneficiadas com o aux\u00edlio da batedora de cereais e do trator da PJF. Segundo informa\u00e7\u00f5es do site da Prefeitura de Juiz de Fora, o objetivo da assist\u00eancia \u00e9 potencializar o desenvolvimento da agricultura familiar na cidade.<\/p>\n<p>Para o agricultor Carlos Eduardo Rezende Werner, o aux\u00edlio \u00e9 muito importante e pode ser um incentivador aos agricultores. \u201cA gente sempre conta com esse apoio da Prefeitura. A cultura do feij\u00e3o precisa ser mais valorizada e o aux\u00edlio deve ser um incentivo para que os agricultores produzam mais comida local e de prefer\u00eancia sem veneno\u201d, ressaltou.<\/p>\n","protected":false},"excerpt":{"rendered":"<p>Durante os meses de junho e julho, a Prefeitura de Juiz de Fora (PJF) por meio da Secretaria de Agricultura, Pecu\u00e1ria e Abastecimento (Seapa), apoiou agricultores familiares do munic\u00edpio no processo de colheita do feij\u00e3o. Foram mais de tr\u00eas toneladas de feij\u00e3o beneficiadas com o aux\u00edlio da batedora de cereais e do trator da PJF. [&hellip;]<\/p>\n","protected":false},"author":246,"featured_media":185793,"comment_status":"closed","ping_status":"closed","sticky":false,"template":"","format":"standard","meta":{"footnotes":""},"categories":[253,436,439],"tags":[],"class_list":["post-185792","post","type-post","status-publish","format-standard","has-post-thumbnail","hentry","category-cidade","category-destaque-da-semana","category-ultima-hora"],"_links":{"self":[{"href":"https:\/\/diarioregionaldigital.com.br\/index.php?rest_route=\/wp\/v2\/posts\/185792","targetHints":{"allow":["GET"]}}],"collection":[{"href":"https:\/\/diarioregionaldigital.com.br\/index.php?rest_route=\/wp\/v2\/posts"}],"about":[{"href":"https:\/\/diarioregionaldigital.com.br\/index.php?rest_route=\/wp\/v2\/types\/post"}],"author":[{"embeddable":true,"href":"https:\/\/diarioregionaldigital.com.br\/index.php?rest_route=\/wp\/v2\/users\/246"}],"replies":[{"embeddable":true,"href":"https:\/\/diarioregionaldigital.com.br\/index.php?rest_route=%2Fwp%2Fv2%2Fcomments&post=185792"}],"version-history":[{"count":1,"href":"https:\/\/diarioregionaldigital.com.br\/index.php?rest_route=\/wp\/v2\/posts\/185792\/revisions"}],"predecessor-version":[{"id":185794,"href":"https:\/\/diarioregionaldigital.com.br\/index.php?rest_route=\/wp\/v2\/posts\/185792\/revisions\/185794"}],"wp:featuredmedia":[{"embeddable":true,"href":"https:\/\/diarioregionaldigital.com.br\/index.php?rest_route=\/wp\/v2\/media\/185793"}],"wp:attachment":[{"href":"https:\/\/diarioregionaldigital.com.br\/index.php?rest_route=%2Fwp%2Fv2%2Fmedia&parent=185792"}],"wp:term":[{"taxonomy":"category","embeddable":true,"href":"https:\/\/diarioregionaldigital.com.br\/index.php?rest_route=%2Fwp%2Fv2%2Fcategories&post=185792"},{"taxonomy":"post_tag","embeddable":true,"href":"https:\/\/diarioregionaldigital.com.br\/index.php?rest_route=%2Fwp%2Fv2%2Ftags&post=185792"}],"curies":[{"name":"wp","href":"https:\/\/api.w.org\/{rel}","templated":true}]}}