{"id":185789,"date":"2021-07-22T20:05:24","date_gmt":"2021-07-22T23:05:24","guid":{"rendered":"https:\/\/diarioregionaldigital.com.br\/?p=185789"},"modified":"2021-07-22T20:05:24","modified_gmt":"2021-07-22T23:05:24","slug":"a-campanha-juiz-de-fora-solidaria-no-frio-ganha-mais-um-ponto-de-recolhimento-de-doacoes","status":"publish","type":"post","link":"https:\/\/diarioregionaldigital.com.br\/?p=185789","title":{"rendered":"A campanha \u201cJuiz de Fora Solid\u00e1ria no Frio\u201d ganha mais um ponto de recolhimento de doa\u00e7\u00f5es"},"content":{"rendered":"<p>A partir desta quinta-feira, 22, a Campanha \u201cJuiz de Fora Solid\u00e1ria no Frio\u201d da Prefeitura de Juiz de Fora (PJF) passar\u00e1 a contar com mais um ponto de recolhimento de doa\u00e7\u00f5es, montado no Independ\u00eancia Shopping, em frente ao posto de Servi\u00e7o de Atendimento ao Consumidor (SAC\/L1), no 1\u00ba piso. O objetivo \u00e9 arrecadar alimentos n\u00e3o perec\u00edveis, cobertores, mantas e agasalhos, que ser\u00e3o direcionados para os abrigos municipais.<\/p>\n<p>Segundo informa\u00e7\u00f5es do site da Prefeitura de Juiz de Fora, os interessados em contribuir podem deixar suas doa\u00e7\u00f5es no local no hor\u00e1rio de funcionamento permitido para o setor, de segunda a s\u00e1bado, das 10h \u00e0s 22h, e aos domingo e feriados, das 13h \u00e0s 21h, em conformidade com o programa <a href=\"https:\/\/www.pjf.mg.gov.br\/noticias\/view.php?modo=link2&amp;idnoticia2=71601\">\u201cJuiz de Fora pela Vida\u201d<\/a>\u00a0de enfrentamento \u00e0 Covid 19. A campanha n\u00e3o tem um prazo determinado para ser finalizada.<\/p>\n<p>O secret\u00e1rio Especial de Direitos Humanos, Biel Rocha, comenta sobre a iniciativa. \u201c\u00c9 muito importante e gratificante esta parceria entre o poder p\u00fablico municipal e a iniciativa privada com o prop\u00f3sito de alcan\u00e7ar o bem comum e assistir \u00e0s pessoas mais vulner\u00e1veis. Vivemos um momento de pandemia e a popula\u00e7\u00e3o em situa\u00e7\u00e3o de rua e as fam\u00edlias em situa\u00e7\u00e3o de vulnerabilidade social precisam do nosso apoio e da nossa solidariedade. A participa\u00e7\u00e3o do Independ\u00eancia Shopping \u00e9 um refor\u00e7o fundamental para a nossa mobiliza\u00e7\u00e3o.\u201d<\/p>\n<p>A Superintendente do Independ\u00eancia Shopping, Giseli Leal, comenta sobre a parceria. \u201cJuiz de Fora vem sentindo os efeitos das baixas temperaturas que tomaram conta do dia a dia e, com a pandemia, vimos crescer exponencialmente a popula\u00e7\u00e3o em situa\u00e7\u00e3o de rua. Pensando nisso, n\u00f3s, do Independ\u00eancia Shopping, nos unimos \u00e0 Prefeitura de Juiz de Fora, para arrecadar agasalhos, artigos de vestu\u00e1rio e roupas de cama, al\u00e9m de alimentos n\u00e3o perec\u00edveis, para serem doados para a popula\u00e7\u00e3o socialmente vulner\u00e1vel da cidade. A campanha ainda n\u00e3o tem data final marcada, para que possamos tentar suprir todo o per\u00edodo de frio mais intenso.\u201d<\/p>\n<p>A Superintendente destaca, ainda, a import\u00e2ncia da parceria p\u00fablico\/privada entre o Independ\u00eancia Shopping e a PJF. \u201c Utilizamos do melhor de cada um, garantindo uma maior abrang\u00eancia da a\u00e7\u00e3o. O empreendimento, com seu alto fluxo, consegue um maior volume de arrecada\u00e7\u00e3o e a expertise da prefeitura em projetos sociais consegue um melhor alcance, focado na popula\u00e7\u00e3o mais necessitada.\u201d<\/p>\n<p><b>&#8220;Juiz de Fora Solid\u00e1ria no Frio&#8221;<\/b><\/p>\n<p>A campanha &#8220;Juiz de Fora Solid\u00e1ria no Frio\u201d \u00e9 uma mobiliza\u00e7\u00e3o criada pela Prefeitura de Juiz de Fora (PJF), para arrecada\u00e7\u00e3o de cobertores e colch\u00f5es novos, para serem doados \u00e0 popula\u00e7\u00e3o em situa\u00e7\u00e3o de rua e fam\u00edlias em situa\u00e7\u00e3o de vulnerabilidade social no munic\u00edpio. A iniciativa integra as a\u00e7\u00f5es r\u00e1pidas e estrat\u00e9gicas para o enfrentamento dos impactos do inverno na cidade e desde o \u00faltimo dia 6 de julho,\u00a0<a href=\"https:\/\/www.pjf.mg.gov.br\/noticias\/view.php?modo=link2&amp;idnoticia2=71545\">passou a arrecadar tamb\u00e9m, utens\u00edlios descart\u00e1veis (copos, colheres, garfos e cumbucas)<\/a>\u00a0para o abrigo tempor\u00e1rio instalado no pr\u00e9dio da Em Casa. Os interessados em contribuir podem doar tamb\u00e9m, toalhas, materiais de higiene pessoal (prestobarba e escova de dente) e chinelos masculinos e femininos.<\/p>\n<p>Iniciada\u00a0<a href=\"https:\/\/www.pjf.mg.gov.br\/noticias\/view.php?modo=link2&amp;idnoticia2=71365\">no \u00faltimo dia 22 de junho<\/a>, a campanha j\u00e1 arrecadou cerca de 1.200 cobertores, 70 colch\u00f5es, 1.140 itens de produtos de higiene pessoal e 4 mil descart\u00e1veis (cumbucas e talheres). Grande parte destes itens foram entregues ao\u00a0<a href=\"https:\/\/www.pjf.mg.gov.br\/noticias\/view.php?modo=link2&amp;idnoticia2=71471\">Comit\u00ea Permanente de Gest\u00e3o de Situa\u00e7\u00f5es de Baixas Temperaturas<\/a>\u00a0e repassados para o\u00a0<a href=\"https:\/\/www.pjf.mg.gov.br\/noticias\/view.php?modo=link2&amp;idnoticia2=71518\">abrigo tempor\u00e1rio<\/a>, institu\u00eddo pelo Plano de Conting\u00eancia para Situa\u00e7\u00f5es de Baixas Temperaturas estabelecido pela\u00a0<a href=\"https:\/\/www.pjf.mg.gov.br\/e_atos\/e_atos_vis.php?id=85400\">Portaria 11.685<\/a>. A mobiliza\u00e7\u00e3o \u00e9 organizada pela Secretaria Especial de Direitos Humanos (SEDH), em parceria com secretarias de Governo, de Assist\u00eancia Social e de Sa\u00fade, por meio do Consult\u00f3rio na Rua, e ser\u00e1 realizada durante o per\u00edodo do inverno.<\/p>\n<p><b>Confira os pontos de recolhimento:<\/b><\/p>\n<p>&#8211; Pr\u00e9dio da Prefeitura: Avenida Brasil, 2.001, Centro, das 8h \u00e0s 18h<br \/>\n&#8211; Passe Livre, Rua Fonseca Hermes: 143, Centro, das 8h \u00e0s 17h<br \/>\n&#8211; Casa da Mulher: Avenida Garibalde Campinhos, 169, Vitorino Braga (em frente ao Col\u00e9gio Santos Anjos), das 7h30 \u00e0s 17h<br \/>\n&#8211; Independ\u00eancia Shopping: Avenida Presidente Itamar Franco, 3.600, Cascatinha, de segunda a s\u00e1bado, das 10h \u00e0s 22h, e aos domingo e feriados, das 13h \u00e0s 21h.<\/p>\n<p><b>Outras informa\u00e7\u00f5es:<\/b><br \/>\nSecretaria Especial de Direitos Humanos (Sedh) &#8211; (32) 3690-7331 &#8211; ou sedh@pjf.mg.gov.br<\/p>\n","protected":false},"excerpt":{"rendered":"<p>A partir desta quinta-feira, 22, a Campanha \u201cJuiz de Fora Solid\u00e1ria no Frio\u201d da Prefeitura de Juiz de Fora (PJF) passar\u00e1 a contar com mais um ponto de recolhimento de doa\u00e7\u00f5es, montado no Independ\u00eancia Shopping, em frente ao posto de Servi\u00e7o de Atendimento ao Consumidor (SAC\/L1), no 1\u00ba piso. O objetivo \u00e9 arrecadar alimentos n\u00e3o [&hellip;]<\/p>\n","protected":false},"author":246,"featured_media":185790,"comment_status":"closed","ping_status":"closed","sticky":false,"template":"","format":"standard","meta":{"footnotes":""},"categories":[253,436,439],"tags":[],"class_list":["post-185789","post","type-post","status-publish","format-standard","has-post-thumbnail","hentry","category-cidade","category-destaque-da-semana","category-ultima-hora"],"_links":{"self":[{"href":"https:\/\/diarioregionaldigital.com.br\/index.php?rest_route=\/wp\/v2\/posts\/185789","targetHints":{"allow":["GET"]}}],"collection":[{"href":"https:\/\/diarioregionaldigital.com.br\/index.php?rest_route=\/wp\/v2\/posts"}],"about":[{"href":"https:\/\/diarioregionaldigital.com.br\/index.php?rest_route=\/wp\/v2\/types\/post"}],"author":[{"embeddable":true,"href":"https:\/\/diarioregionaldigital.com.br\/index.php?rest_route=\/wp\/v2\/users\/246"}],"replies":[{"embeddable":true,"href":"https:\/\/diarioregionaldigital.com.br\/index.php?rest_route=%2Fwp%2Fv2%2Fcomments&post=185789"}],"version-history":[{"count":1,"href":"https:\/\/diarioregionaldigital.com.br\/index.php?rest_route=\/wp\/v2\/posts\/185789\/revisions"}],"predecessor-version":[{"id":185791,"href":"https:\/\/diarioregionaldigital.com.br\/index.php?rest_route=\/wp\/v2\/posts\/185789\/revisions\/185791"}],"wp:featuredmedia":[{"embeddable":true,"href":"https:\/\/diarioregionaldigital.com.br\/index.php?rest_route=\/wp\/v2\/media\/185790"}],"wp:attachment":[{"href":"https:\/\/diarioregionaldigital.com.br\/index.php?rest_route=%2Fwp%2Fv2%2Fmedia&parent=185789"}],"wp:term":[{"taxonomy":"category","embeddable":true,"href":"https:\/\/diarioregionaldigital.com.br\/index.php?rest_route=%2Fwp%2Fv2%2Fcategories&post=185789"},{"taxonomy":"post_tag","embeddable":true,"href":"https:\/\/diarioregionaldigital.com.br\/index.php?rest_route=%2Fwp%2Fv2%2Ftags&post=185789"}],"curies":[{"name":"wp","href":"https:\/\/api.w.org\/{rel}","templated":true}]}}