{"id":185786,"date":"2021-07-22T20:02:23","date_gmt":"2021-07-22T23:02:23","guid":{"rendered":"https:\/\/diarioregionaldigital.com.br\/?p=185786"},"modified":"2021-07-22T20:02:23","modified_gmt":"2021-07-22T23:02:23","slug":"circulo-militar-drive-thru-da-ufjf-sport-e-pam-marechal-vacinam-contra-covid-19-neste-sabado-24","status":"publish","type":"post","link":"https:\/\/diarioregionaldigital.com.br\/?p=185786","title":{"rendered":"C\u00edrculo Militar, drive-thru da UFJF, Sport e Pam Marechal vacinam contra Covid-19 neste s\u00e1bado, 24"},"content":{"rendered":"<p>As pessoas de 30 e 31 anos podem ser vacinadas contra o coronav\u00edrus no Sport Club Juiz de Fora neste s\u00e1bado, dia 24, das 8h \u00e0s 16h, no C\u00edrculo Militar, das 9h \u00e0s 13h e no Pam Marechal, das 9h \u00e0s 13h, al\u00e9m da op\u00e7\u00e3o da vacina\u00e7\u00e3o no modelo drive-thru, onde as pessoas formam filas para receberem vacinas dentro dos seus carros. A vacina\u00e7\u00e3o no drive-thru acontece no estacionamento da Faculdade de Educa\u00e7\u00e3o (Faced) da UFJF, das 9h \u00e0s 16h. A campanha de imuniza\u00e7\u00e3o, realizada pela Secretaria de Sa\u00fade (SS) da Prefeitura de Juiz de Fora (PJF), neste s\u00e1bado, 24, segue contemplando, ainda, todas as pessoas acima de 31 anos que n\u00e3o tenham conseguido receber a vacina anteriormente, bem como as gr\u00e1vidas, pu\u00e9rperas (mulheres em at\u00e9 45 dias de p\u00f3s parto) e lactantes (mulheres que amamentam) em at\u00e9 seis meses de p\u00f3s-parto.<\/p>\n<p>Segundo informa\u00e7\u00f5es do site da Prefeitura de Juiz de Fora, al\u00e9m das primeiras doses destinadas aos p\u00fablicos-alvo da campanha, neste s\u00e1bado \u00e9 oferecida tamb\u00e9m a aplica\u00e7\u00e3o de segundas nos quatro locais. As pessoas que forem receber a segunda dose devem levar o cart\u00e3o de vacina para comprovar o recebimento da primeira. Deve-se ter aten\u00e7\u00e3o \u00e0 data de retorno no cart\u00e3o, pois n\u00e3o s\u00e3o aplicadas vacinas antes do prazo estipulado. Al\u00e9m do cart\u00e3o, precisa ser apresentado documento original com foto, como o documento de identidade (RG) ou a carteira de motorista.<\/p>\n<p><b>Documenta\u00e7\u00e3o necess\u00e1ria<\/b><\/p>\n<p>A Secretaria de Sa\u00fade pede para as pessoas que v\u00e3o se vacinar por idade levarem, originais e c\u00f3pias, de documento de identifica\u00e7\u00e3o com foto &#8211; como documento de identidade (RG) ou carteira de motorista &#8211; e comprovante de resid\u00eancia impresso. Al\u00e9m destes documentos, as gr\u00e1vidas precisam levar o cart\u00e3o do pr\u00e9-natal, a carteira da gestante; as pu\u00e9rperas devem apresentar um documento que comprove o parto nos \u00faltimos 45 dias, como a certid\u00e3o de nascimento do beb\u00ea ou atestado de alta hospitalar, e as lactantes em at\u00e9 seis meses de p\u00f3s-parto, por sua vez, precisam levar um atestado m\u00e9dico como forma de comprova\u00e7\u00e3o de que amamenta e um documento que comprove que o seu parto ocorreu nos \u00faltimos seis meses, como a certid\u00e3o de nascimento do beb\u00ea.<\/p>\n<p><b>Confira os endere\u00e7os e hor\u00e1rio de funcionamento dos locais de vacina\u00e7\u00e3o deste s\u00e1bado, 24<\/b><\/p>\n<p><b>C\u00edrculo Militar &#8211; das 9h \u00e0s 13h<\/b><br \/>\nAvenida Bar\u00e3o do Rio Branco, 3.146<\/p>\n<p><b>Drive-Thru da UFJF &#8211; das 9 \u00e0s 16h<\/b><br \/>\nCampus da UFJF, estacionamento da Faculdade de Educa\u00e7\u00e3o (Faced)<\/p>\n<p><b>Sport Club Juiz de Fora &#8211; das 8h \u00e0s 16h<\/b><br \/>\nAvenida Bar\u00e3o do Rio Branco, 1.303, Centro (entrada pela avenida Brasil)<\/p>\n<p><b>PAM Marechal &#8211; das 8h \u00e0s 13h<\/b><br \/>\nRua Marechal Deodoro, 496, Centro<\/p>\n","protected":false},"excerpt":{"rendered":"<p>As pessoas de 30 e 31 anos podem ser vacinadas contra o coronav\u00edrus no Sport Club Juiz de Fora neste s\u00e1bado, dia 24, das 8h \u00e0s 16h, no C\u00edrculo Militar, das 9h \u00e0s 13h e no Pam Marechal, das 9h \u00e0s 13h, al\u00e9m da op\u00e7\u00e3o da vacina\u00e7\u00e3o no modelo drive-thru, onde as pessoas formam filas [&hellip;]<\/p>\n","protected":false},"author":246,"featured_media":185787,"comment_status":"closed","ping_status":"closed","sticky":false,"template":"","format":"standard","meta":{"footnotes":""},"categories":[253,440,439],"tags":[],"class_list":["post-185786","post","type-post","status-publish","format-standard","has-post-thumbnail","hentry","category-cidade","category-destaques-do-dia","category-ultima-hora"],"_links":{"self":[{"href":"https:\/\/diarioregionaldigital.com.br\/index.php?rest_route=\/wp\/v2\/posts\/185786","targetHints":{"allow":["GET"]}}],"collection":[{"href":"https:\/\/diarioregionaldigital.com.br\/index.php?rest_route=\/wp\/v2\/posts"}],"about":[{"href":"https:\/\/diarioregionaldigital.com.br\/index.php?rest_route=\/wp\/v2\/types\/post"}],"author":[{"embeddable":true,"href":"https:\/\/diarioregionaldigital.com.br\/index.php?rest_route=\/wp\/v2\/users\/246"}],"replies":[{"embeddable":true,"href":"https:\/\/diarioregionaldigital.com.br\/index.php?rest_route=%2Fwp%2Fv2%2Fcomments&post=185786"}],"version-history":[{"count":1,"href":"https:\/\/diarioregionaldigital.com.br\/index.php?rest_route=\/wp\/v2\/posts\/185786\/revisions"}],"predecessor-version":[{"id":185788,"href":"https:\/\/diarioregionaldigital.com.br\/index.php?rest_route=\/wp\/v2\/posts\/185786\/revisions\/185788"}],"wp:featuredmedia":[{"embeddable":true,"href":"https:\/\/diarioregionaldigital.com.br\/index.php?rest_route=\/wp\/v2\/media\/185787"}],"wp:attachment":[{"href":"https:\/\/diarioregionaldigital.com.br\/index.php?rest_route=%2Fwp%2Fv2%2Fmedia&parent=185786"}],"wp:term":[{"taxonomy":"category","embeddable":true,"href":"https:\/\/diarioregionaldigital.com.br\/index.php?rest_route=%2Fwp%2Fv2%2Fcategories&post=185786"},{"taxonomy":"post_tag","embeddable":true,"href":"https:\/\/diarioregionaldigital.com.br\/index.php?rest_route=%2Fwp%2Fv2%2Ftags&post=185786"}],"curies":[{"name":"wp","href":"https:\/\/api.w.org\/{rel}","templated":true}]}}