{"id":185783,"date":"2021-07-22T19:50:41","date_gmt":"2021-07-22T22:50:41","guid":{"rendered":"https:\/\/diarioregionaldigital.com.br\/?p=185783"},"modified":"2021-07-22T19:50:41","modified_gmt":"2021-07-22T22:50:41","slug":"novos-esportes-em-toquio-16-brasileiros-competem-no-surfe-e-no-skate","status":"publish","type":"post","link":"https:\/\/diarioregionaldigital.com.br\/?p=185783","title":{"rendered":"Novos esportes em T\u00f3quio: 16 brasileiros competem no surfe e no skate"},"content":{"rendered":"<p>Vai\u00a0ter\u00a0onda, vai\u00a0ter\u00a0rampa. E torcida por manobras radicais, em 360 graus, por exemplo. Surfe e\u00a0<em>skate<\/em>, que est\u00e3o entre as cinco modalidades que estreiam na Olimp\u00edada de T\u00f3quio, ter\u00e3o, ao todo, 16 atletas brasileiros \u2013 alguns dos favoritos ao p\u00f3dio. Nas outras tr\u00eas novidades (karat\u00ea, escalada e\u00a0<em>beisebol\/softbol<\/em>), n\u00e3o teremos representantes, mas as provas tamb\u00e9m v\u00e3o despertar a curiosidade do p\u00fablico.\u00a0<img decoding=\"async\" src=\"https:\/\/agenciabrasil.ebc.com.br\/ebc.png?id=1415925&amp;o=node\" \/><img decoding=\"async\" src=\"https:\/\/agenciabrasil.ebc.com.br\/ebc.gif?id=1415925&amp;o=node\" \/><\/p>\n<p>No surfe, as ondas japonesas ter\u00e3o as presen\u00e7as de quatro brasileiros acostumados a vit\u00f3rias e t\u00edtulos: Silvana Lima, Tatiana Weston-Webb (segunda colocada no\u00a0<em>ranking<\/em>\u00a0mundial entre as mulheres), Gabriel Medina (o primeiro na liga entre os homens) e \u00cdtalo Ferreira. Eles t\u00eam chances reais de brilho nos mares e nos p\u00f3dios para o Brasil. As baterias come\u00e7am no domingo (25), e est\u00e3o previstas para ocorrer at\u00e9 o dia 28, podendo se estender at\u00e9 o dia 1\u00ba de agosto (no surfe, o calend\u00e1rio prev\u00ea janelas para que as provas aconte\u00e7am, por conta da necessidade de condi\u00e7\u00f5es meteorol\u00f3gicas ideais).<\/p>\n<p>O Comit\u00ea Ol\u00edmpico do Brasil (COB) considera que o Brasil est\u00e1 entre as tr\u00eas pot\u00eancias do surfe, e carrega em suas pranchas tr\u00eas t\u00edtulos mundiais, com Gabriel Medina (2014 e 2018), que estar\u00e1 em T\u00f3quio, e com Adriano de Souza, o Mineirinho (2015). Um advers\u00e1rio forte para os brasileiros pode ser o norte-americano Kelly Slater (11 t\u00edtulos mundiais), que \u00e9 reserva na equipe do seu pa\u00eds.<\/p>\n<p>Mesmo estreando apenas em 2021, em Estocolmo (1912), o surfe ficou conhecido porque o norte-americano Duke Kahanamoku, praticante da modalidade, ganhou duas medalhas na nata\u00e7\u00e3o. No Brasil, a primeira prancha que se tem not\u00edcia foi feita na d\u00e9cada de 1930, em Santos.<\/p>\n<p><strong>\u201cPrancha\u201d com rodinha<\/strong><\/p>\n<p>No<em>\u00a0skate<\/em>, 12 brasileiros v\u00e3o competir nas rampas na primeira experi\u00eancia do esporte em Jogos Ol\u00edmpicos. Os competidores (feminino e masculino) est\u00e3o em duas categorias:\u00a0<em>park<\/em>\u00a0(com Dora Varella, Isadora Pacheco, Yndiara Asp, Luiz Francisco, Pedro Barros e Pedro Quintas) e\u00a0<em>street<\/em>\u00a0(com Let\u00edcia Bufoni, P\u00e2mela Rosa, Rayssa Leal, Felipe Gustavo, Giovanni Vianna e Kelvin Hoefler).<\/p>\n<p>Trata-se de um esporte com DNA norte-americano, e inspirado no surfe. Quando precisavam lidar com a falta de ondas, surfistas na Calif\u00f3rnia passaram a simular em prancha de madeira com rodinhas os movimentos que queriam fazer nos mares. Os primeiros<em>\u00a0skates<\/em>\u00a0brasileiros s\u00f3 chegaram na d\u00e9cada de\u00a01960, e a\u00a0<a href=\"http:\/\/www.cbsk.com.br\/\" target=\"_blank\" rel=\"noopener\">Confedera\u00e7\u00e3o Brasileira de Skate<\/a>\u00a0est\u00e1 estabelecida\u00a0desde 1999.<\/p>\n<p>O Brasil entra forte para a briga por medalhas no\u00a0<em>skate<\/em>: no street feminino P\u00e2mela Rosa (primeira), Rayssa Leal (segunda) e Let\u00edcia Bufoni (quarta) est\u00e3o entre as melhores do mundo. Kelvin Hoefler \u00e9 o quarto colocado no\u00a0<em>ranking\u00a0<\/em>mundial no\u00a0<em>street\u00a0<\/em>masculino e Luiz Francisco (terceiro) e Pedro Barros (quarto) est\u00e3o no topo desta lista no\u00a0<em>park<\/em>\u00a0masculino. Dora Varella, em nono, \u00e9 a brasileira melhor colocada no<em>\u00a0ranking<\/em>\u00a0do\u00a0<em>park<\/em>\u00a0feminino.<\/p>\n<p><strong>Taco e bolinha<\/strong><\/p>\n<p>N\u00e3o haver\u00e1 atletas brasileiros nas outras tr\u00eas modalidades estreantes nos Jogos de T\u00f3quio, mas fazer parte do programa ol\u00edmpico \u00e9 algo que pode encorajar futuras participa\u00e7\u00f5es nacionais. As competi\u00e7\u00f5es de beisebol<em>\/<\/em>softbol, escalada e karat\u00ea colocar\u00e3o mais medalhas em disputa.<\/p>\n<p>No caso do beisebol\/softbol, n\u00e3o \u00e9 t\u00e3o in\u00e9dito assim. A modalidade apareceu na Olimp\u00edada pela primeira vez em 1992 (em Barcelona, com o time de Cuba levando o ouro). Em 1996 (Atlanta, com t\u00edtulo para os anfitri\u00f5es norte-americanos), o softbol estreou. Mas, em Londres 2012, as modalidades deixaram de ser ol\u00edmpicas \u2013 e retornam agora em T\u00f3quio.<\/p>\n<p><strong>Veja tamb\u00e9m:<\/strong>\u00a0<a href=\"https:\/\/agenciabrasil.ebc.com.br\/esportes\/noticia\/2021-07\/japao-abre-olimpiada-com-vitoria-sobre-australia-no-softbol\" target=\"_blank\" rel=\"noopener\">Jap\u00e3o abre Olimp\u00edada com vit\u00f3ria sobre Austr\u00e1lia no softbol<\/a><\/p>\n<p>A diferen\u00e7a entre beisebol e softbol relaciona-se ao espa\u00e7o, \u00e0 organiza\u00e7\u00e3o e algumas regras.\u00a0O softbol permite a pr\u00e1tica em gin\u00e1sios cobertos e campos fechados e menores. A bola \u00e9 maior e o tempo de jogo menor. Outra diferen\u00e7a \u00e9 que o arremesso \u00e9 feito com um movimento com o bra\u00e7o de baixo para cima (com o punho, abaixo, e o cotovelo obrigatoriamente alinhados verticalmente), de acordo com o Comit\u00ea Ol\u00edmpico do Brasil.<\/p>\n<p>No softbol, os Estados Unidos conquistaram tr\u00eas ouros (Atlanta 1996, Sidney 2000 e Atenas 2004). No beisebol, tr\u00eas t\u00edtulos s\u00e3o de Cuba (Barcelona 1992, Atlanta 1996 e Atenas 2004). A\u00a0<a href=\"https:\/\/cbbs.com.br\/\" target=\"_blank\" rel=\"noopener\">Confedera\u00e7\u00e3o Brasileira de Beisebol e Softbol<\/a>\u00a0organiza o esporte por aqui.<\/p>\n<p><strong>Nova luta no tatame<\/strong><\/p>\n<p>Um esporte que estreia no Jap\u00e3o \u00e9 uma pr\u00e1tica do pr\u00f3prio anfitri\u00e3o. E no in\u00edcio do s\u00e9culo 19 j\u00e1 era praticado como atividade para pr\u00e1tica de educa\u00e7\u00e3o f\u00edsica.\u00a0No Brasil, chegou com os imigrantes japoneses no in\u00edcio do s\u00e9culo 20. Nas telas do cinema, a sabedoria do mestre Miyagi para ensinar o aprendiz Daniel San, em Karat\u00ea Kid, comoveram o mundo e chamaram aten\u00e7\u00e3o para o esporte.<\/p>\n<p>De acordo com a\u00a0<a href=\"https:\/\/www.karatedobrasil.com\/\" target=\"_blank\" rel=\"noopener\">Confedera\u00e7\u00e3o Brasileira de Karat\u00ea<\/a>,\u00a0a palavra japonesa que d\u00e1 nome ao esporte significa &#8220;m\u00e3os vazias&#8221;, e prev\u00ea o &#8220;mais eficaz uso de todas as partes do corpo para fins de autodefesa (&#8230;).\u00a0 Nos \u00faltimos anos, foram formuladas regras de combate simulado para se evitar ferimentos graves, com o prop\u00f3sito de introduzir o karat\u00ea\u00a0como um esporte competitivo&#8221;.<\/p>\n<p><strong>Olhar para cima<\/strong><\/p>\n<p>A escalada \u00e9 outra debutante nos jogos de T\u00f3quio. A modalidade tem tr\u00eas categorias: velocidade, dificuldade e<em>\u00a0bouldering<\/em>. Todos os competidores ol\u00edmpicos participar\u00e3o nas tr\u00eas. A classifica\u00e7\u00e3o final leva em conta o resultado de todas juntas.<\/p>\n<p>Em rela\u00e7\u00e3o \u00e0 velocidade, dois atletas fazem um percurso numa parede de 15 metros. Vence quem chega primeiro. Na dificuldade, os atletas tentam subir o mais alto poss\u00edvel em uma parede com mais de 15 metros de altura em um tempo fixo. No\u00a0<em>bouldering<\/em>, os competidores t\u00eam outro desafio: seguir uma rota fixa em uma parede de 4 metros de altura em um tempo determinado. A\u00a0<a href=\"https:\/\/www.cob.org.br\/pt\/cob\/confederacoes\/abee\/\" target=\"_blank\" rel=\"noopener\">Associa\u00e7\u00e3o Brasileira de Escalada Esportiva<\/a>\u00a0divulga a modalidade no pa\u00eds.<\/p>\n<p><span style=\"font-weight: 400;\">Fonte: Ag\u00eancia Brasil <\/span><\/p>\n","protected":false},"excerpt":{"rendered":"<p>Vai\u00a0ter\u00a0onda, vai\u00a0ter\u00a0rampa. E torcida por manobras radicais, em 360 graus, por exemplo. Surfe e\u00a0skate, que est\u00e3o entre as cinco modalidades que estreiam na Olimp\u00edada de T\u00f3quio, ter\u00e3o, ao todo, 16 atletas brasileiros \u2013 alguns dos favoritos ao p\u00f3dio. Nas outras tr\u00eas novidades (karat\u00ea, escalada e\u00a0beisebol\/softbol), n\u00e3o teremos representantes, mas as provas tamb\u00e9m v\u00e3o despertar a [&hellip;]<\/p>\n","protected":false},"author":246,"featured_media":185784,"comment_status":"closed","ping_status":"closed","sticky":false,"template":"","format":"standard","meta":{"footnotes":""},"categories":[436,257,439],"tags":[],"class_list":["post-185783","post","type-post","status-publish","format-standard","has-post-thumbnail","hentry","category-destaque-da-semana","category-esporte","category-ultima-hora"],"_links":{"self":[{"href":"https:\/\/diarioregionaldigital.com.br\/index.php?rest_route=\/wp\/v2\/posts\/185783","targetHints":{"allow":["GET"]}}],"collection":[{"href":"https:\/\/diarioregionaldigital.com.br\/index.php?rest_route=\/wp\/v2\/posts"}],"about":[{"href":"https:\/\/diarioregionaldigital.com.br\/index.php?rest_route=\/wp\/v2\/types\/post"}],"author":[{"embeddable":true,"href":"https:\/\/diarioregionaldigital.com.br\/index.php?rest_route=\/wp\/v2\/users\/246"}],"replies":[{"embeddable":true,"href":"https:\/\/diarioregionaldigital.com.br\/index.php?rest_route=%2Fwp%2Fv2%2Fcomments&post=185783"}],"version-history":[{"count":1,"href":"https:\/\/diarioregionaldigital.com.br\/index.php?rest_route=\/wp\/v2\/posts\/185783\/revisions"}],"predecessor-version":[{"id":185785,"href":"https:\/\/diarioregionaldigital.com.br\/index.php?rest_route=\/wp\/v2\/posts\/185783\/revisions\/185785"}],"wp:featuredmedia":[{"embeddable":true,"href":"https:\/\/diarioregionaldigital.com.br\/index.php?rest_route=\/wp\/v2\/media\/185784"}],"wp:attachment":[{"href":"https:\/\/diarioregionaldigital.com.br\/index.php?rest_route=%2Fwp%2Fv2%2Fmedia&parent=185783"}],"wp:term":[{"taxonomy":"category","embeddable":true,"href":"https:\/\/diarioregionaldigital.com.br\/index.php?rest_route=%2Fwp%2Fv2%2Fcategories&post=185783"},{"taxonomy":"post_tag","embeddable":true,"href":"https:\/\/diarioregionaldigital.com.br\/index.php?rest_route=%2Fwp%2Fv2%2Ftags&post=185783"}],"curies":[{"name":"wp","href":"https:\/\/api.w.org\/{rel}","templated":true}]}}