{"id":185780,"date":"2021-07-22T19:47:45","date_gmt":"2021-07-22T22:47:45","guid":{"rendered":"https:\/\/diarioregionaldigital.com.br\/?p=185780"},"modified":"2021-07-22T19:47:45","modified_gmt":"2021-07-22T22:47:45","slug":"richarlison-brilha-e-brasil-vence-alemanha-na-estreia-da-olimpiada","status":"publish","type":"post","link":"https:\/\/diarioregionaldigital.com.br\/?p=185780","title":{"rendered":"Richarlison brilha e Brasil vence Alemanha na estreia da Olimp\u00edada"},"content":{"rendered":"<p>Em busca do bicampeonato, a sele\u00e7\u00e3o brasileira venceu a Alemanha nesta\u00a0quinta-feira (22), por 4 a 2, no duelo de\u00a0estreia na Olimp\u00edada de T\u00f3quio (Jap\u00e3o). Triunfo com direito a\u00a0<em>hat-trick\u00a0<\/em>do\u00a0atacante Richarlison, que marcou os tr\u00eas primeiros gols na etapa inicial da partida, v\u00e1lida pelo Grupo D,\u00a0no\u00a0Est\u00e1dio de Yokohama, na cidade de mesmo nome, na pov\u00edncia de Kanagawa.\u00a0<img decoding=\"async\" src=\"https:\/\/agenciabrasil.ebc.com.br\/ebc.png?id=1416045&amp;o=node\" \/><img decoding=\"async\" src=\"https:\/\/agenciabrasil.ebc.com.br\/ebc.gif?id=1416045&amp;o=node\" \/><\/p>\n<p>No primeiro tempo, destaque para Richarlison, com atua\u00e7\u00e3o impec\u00e1vel. Logo ao seis\u00a0minutos, ele chutou forte, o goleiro M\u00fcller espalmou e, na sequ\u00eancia, o pombo estufou a rede advers\u00e1ria. O segundo dele foi\u00a0aos 21. Desta vez, o camisa 10 aproveitou o cruzamento do lateral-esquerdo Guilherme Arana, marcando de cabe\u00e7a. Oito minutos depois, aos 29, Richarlison ampliou em batida cruzada, indefens\u00e1vel para M\u00fcller.<\/p>\n<p>O Brasil ainda teve chance de sair com uma vantagem ainda maior. Aos 45 minutos, ap\u00f3s cabe\u00e7ada do atacante Matheus Cunha, a bola bateu no bra\u00e7o de Henrichs, o que foi considerado p\u00eanalti para o \u00e1rbitro Ivan Barton (El Salvador). O pr\u00f3prio atacante bateu, mas n\u00e3o foi feliz, j\u00e1 que o goleiro alem\u00e3o defendeu.<\/p>\n<p>Ap\u00f3s o intervalo, a Alemanha ensaiou rea\u00e7\u00e3o. Aos 11, o meio-campista Amiri chutou de fora da \u00e1rea e o goleiro Santos n\u00e3o defendeu. O quique da bola antes de chegar em Santos, dificultou a defesa. Por\u00e9m, a expuls\u00e3o do volante Arnold, por causa de uma falta em Daniel Alves aos 17, deixou a miss\u00e3o alem\u00e3 mais complicada.<\/p>\n<p>Mas mesmo com um jogador a menos, aos 38, o atacante Ache, de cabe\u00e7a, diminuiu o marcador. Os Brasileiros conseguiram eliminar a possibilidade de empate somente nos acr\u00e9scimos. Aos 48, o atacante Paulinho invadiu a grande \u00e1rea e bateu forte no canto direito, fechando o placar. Final de jogo: Brasil 4, Alemanha 2.<\/p>\n<p>O pr\u00f3ximo compromisso da sele\u00e7\u00e3o brasileira ser\u00e1 no\u00a0domingo\u00a0(25) contra a Costa do Marfim. O duelo ser\u00e1 realizado no Est\u00e1dio de Yokohama, \u00e0s 5h30 (hor\u00e1rio de Bras\u00edlia). A equipe africana\u00a0tamb\u00e9m entrou\u00a0em campo\u00a0hoje\u00a0(22) e derrotou a Ar\u00e1bia Saudita por 2 a 1, no Est\u00e1dio de Yokohama.<\/p>\n<p><strong>Escrete feminino\u00a0enfrenta Holanda no s\u00e1bado (24)<\/strong><\/p>\n<p>Ap\u00f3s estreia com goleada (5 a 0) contra a China, a sele\u00e7\u00e3o feminina volta a campo no s\u00e1bado\u00a0(24)\u00a0contra a Holanda, no Est\u00e1dio de Miyagi, a 270 km de T\u00f3quio. A partida, v\u00e1lida\u00a0, pela segunda rodada do Grupo F, \u00a0ter\u00e1 in\u00edcio \u00e0s 8h (hor\u00e1rio de Bras\u00edlia).\u00a0\u00a0As holandesas s\u00e3o as primeiras na chave, ap\u00f3s terem derrotado\u00a0a Z\u00e2mbia por 10 a 3 na manh\u00e3 de ontem (21).<\/p>\n<p><span style=\"font-weight: 400;\">Fonte: Ag\u00eancia Brasil <\/span><\/p>\n","protected":false},"excerpt":{"rendered":"<p>Em busca do bicampeonato, a sele\u00e7\u00e3o brasileira venceu a Alemanha nesta\u00a0quinta-feira (22), por 4 a 2, no duelo de\u00a0estreia na Olimp\u00edada de T\u00f3quio (Jap\u00e3o). Triunfo com direito a\u00a0hat-trick\u00a0do\u00a0atacante Richarlison, que marcou os tr\u00eas primeiros gols na etapa inicial da partida, v\u00e1lida pelo Grupo D,\u00a0no\u00a0Est\u00e1dio de Yokohama, na cidade de mesmo nome, na pov\u00edncia de Kanagawa.\u00a0 [&hellip;]<\/p>\n","protected":false},"author":246,"featured_media":185781,"comment_status":"closed","ping_status":"closed","sticky":false,"template":"","format":"standard","meta":{"footnotes":""},"categories":[436,257,439],"tags":[],"class_list":["post-185780","post","type-post","status-publish","format-standard","has-post-thumbnail","hentry","category-destaque-da-semana","category-esporte","category-ultima-hora"],"_links":{"self":[{"href":"https:\/\/diarioregionaldigital.com.br\/index.php?rest_route=\/wp\/v2\/posts\/185780","targetHints":{"allow":["GET"]}}],"collection":[{"href":"https:\/\/diarioregionaldigital.com.br\/index.php?rest_route=\/wp\/v2\/posts"}],"about":[{"href":"https:\/\/diarioregionaldigital.com.br\/index.php?rest_route=\/wp\/v2\/types\/post"}],"author":[{"embeddable":true,"href":"https:\/\/diarioregionaldigital.com.br\/index.php?rest_route=\/wp\/v2\/users\/246"}],"replies":[{"embeddable":true,"href":"https:\/\/diarioregionaldigital.com.br\/index.php?rest_route=%2Fwp%2Fv2%2Fcomments&post=185780"}],"version-history":[{"count":1,"href":"https:\/\/diarioregionaldigital.com.br\/index.php?rest_route=\/wp\/v2\/posts\/185780\/revisions"}],"predecessor-version":[{"id":185782,"href":"https:\/\/diarioregionaldigital.com.br\/index.php?rest_route=\/wp\/v2\/posts\/185780\/revisions\/185782"}],"wp:featuredmedia":[{"embeddable":true,"href":"https:\/\/diarioregionaldigital.com.br\/index.php?rest_route=\/wp\/v2\/media\/185781"}],"wp:attachment":[{"href":"https:\/\/diarioregionaldigital.com.br\/index.php?rest_route=%2Fwp%2Fv2%2Fmedia&parent=185780"}],"wp:term":[{"taxonomy":"category","embeddable":true,"href":"https:\/\/diarioregionaldigital.com.br\/index.php?rest_route=%2Fwp%2Fv2%2Fcategories&post=185780"},{"taxonomy":"post_tag","embeddable":true,"href":"https:\/\/diarioregionaldigital.com.br\/index.php?rest_route=%2Fwp%2Fv2%2Ftags&post=185780"}],"curies":[{"name":"wp","href":"https:\/\/api.w.org\/{rel}","templated":true}]}}