{"id":185777,"date":"2021-07-22T19:44:04","date_gmt":"2021-07-22T22:44:04","guid":{"rendered":"https:\/\/diarioregionaldigital.com.br\/?p=185777"},"modified":"2021-07-22T19:44:04","modified_gmt":"2021-07-22T22:44:04","slug":"olimpiada-de-toquio-tem-abertura-oficial-nesta-sexta-feira","status":"publish","type":"post","link":"https:\/\/diarioregionaldigital.com.br\/?p=185777","title":{"rendered":"Olimp\u00edada de T\u00f3quio tem abertura oficial nesta sexta-feira"},"content":{"rendered":"<p>Nesta sexta-feira (23), os olhos de boa parte da popula\u00e7\u00e3o mundial estar\u00e3o voltados para a cidade de T\u00f3quio. Ap\u00f3s\u00a0<a href=\"https:\/\/agenciabrasil.ebc.com.br\/esportes\/noticia\/2020-03\/jogos-olimpicos-e-paralimpicos-de-toquio-sao-adiados\" target=\"_blank\" rel=\"noopener\">o adiamento de um ano<\/a>\u00a0por causa da pandemia da covid-19 e\u00a0<a href=\"https:\/\/agenciabrasil.ebc.com.br\/esportes\/noticia\/2020-05\/olimpiada-pode-ser-cancelada-se-pandemia-nao-controlada-diz-bach\" target=\"_blank\" rel=\"noopener\">amea\u00e7as de cancelamento<\/a>, a 32\u00aa edi\u00e7\u00e3o da Olimp\u00edada de ver\u00e3o ter \u00e1 a abertura oficial a partir das 8h (hor\u00e1rio de Bras\u00edlia) no Est\u00e1dio Ol\u00edmpico de T\u00f3quio (tamb\u00e9m chamado de Est\u00e1dio Nacional).<img decoding=\"async\" src=\"https:\/\/agenciabrasil.ebc.com.br\/ebc.png?id=1416063&amp;o=node\" \/><img decoding=\"async\" src=\"https:\/\/agenciabrasil.ebc.com.br\/ebc.gif?id=1416063&amp;o=node\" \/><\/p>\n<p>Pela primeira vez na hist\u00f3ria, as cerim\u00f4nias de abertura e encerramento, assim como as competi\u00e7\u00f5es na capital do Jap\u00e3o,\u00a0<a href=\"https:\/\/agenciabrasil.ebc.com.br\/esportes\/noticia\/2021-07\/medicos-do-japao-saudam-jogos-sem-espectadores-mas-ainda-veem-risco\" target=\"_blank\" rel=\"noopener\">n\u00e3o ter\u00e3o a presen\u00e7a de p\u00fablico<\/a>. A decis\u00e3o de proibir espectadores foi tomada por conta da decreta\u00e7\u00e3o do\u00a0<a href=\"http:\/\/agenciabrasil.ebc.com.br\/esportes\/noticia\/2021-05\/japao-prorroga-estado-de-emergencia-contra-covid-19-antes-da-olimpiada\">e<\/a><a href=\"http:\/\/agenciabrasil.ebc.com.br\/esportes\/noticia\/2021-05\/japao-prorroga-estado-de-emergencia-contra-covid-19-antes-da-olimpiada\" target=\"_blank\" rel=\"noopener\">stado de emerg\u00eancia em T\u00f3quio at\u00e9 o final das competi\u00e7\u00f5es<\/a>\u00a0at\u00e9 8 de agosto,\u00a0e em meio a cr\u00edticas de autoridades de sa\u00fade do pa\u00eds e\u00a0<a href=\"https:\/\/agenciabrasil.ebc.com.br\/esportes\/noticia\/2021-06\/principal-conselheiro-medico-do-governo-japones-critica-olimpiada\" target=\"_blank\" rel=\"noopener\">rejei\u00e7\u00e3o da popula\u00e7\u00e3o \u00e0 competi\u00e7\u00e3o<\/a>.<\/p>\n<p><strong>Leia tamb\u00e9m:<\/strong>\u00a0<a href=\"https:\/\/agenciabrasil.ebc.com.br\/esportes\/noticia\/2021-07\/jogos-de-toquio-comecam-com-protocolos-rigidos-e-medo-da-pandemia\" target=\"_blank\" rel=\"noopener\"><strong>Jogos de T\u00f3quio come\u00e7am com protocolos r\u00edgidos e medo da pandemia<\/strong><\/a><\/p>\n<p>Outras prov\u00edncias que v\u00e3o sediar competi\u00e7\u00f5es tamb\u00e9m j\u00e1 confirmaram que n\u00e3o ter\u00e3o p\u00fablico: Chiba (que vai sediar competi\u00e7\u00f5es de surfe, esgrima, taekwondo e luta ol\u00edmpica), Kanagawa (beisebol\/softbol, iatismo e futebol), Saitama (basquete, golfe e futebol), Fukushima (beisebol\/softbol) e Hokkaido (futebol e atletismo).\u00a0As prov\u00edncias de Miyagi (futebol) e Shizuoka (ciclismo) Ibaraki (futebol) ainda mant\u00e9m previs\u00e3o de p\u00fablico (50% do total e limitado a residentes no Jap\u00e3o) durante competi\u00e7\u00f5es.<\/p>\n<p>Os Jogos de T\u00f3qu6io s\u00e3o a primeira Olimp\u00edada da era moderna a ter um adiamento. Desde 189 (quando foram realizados os Jogos Ol\u00edmpicos de Atenas), tr\u00eas edi\u00e7\u00f5es foram canceladas: as Olimp\u00edadas de Berlim em 1916 (que n\u00e3o foi realizada por causa da 1\u00aa Guerra Mundial), as Olimp\u00edadas de Helsinque em 1940 e as Olimp\u00edadas de Londres em 1944 (ambas canceladas por causa da 2\u00aa Guerra Mundial).<\/p>\n<p>\u00c9 a segunda vez que T\u00f3quio recebe os Jogos Ol\u00edmpicos: a primeira foi em 1964, com 5.151 atletas de 93 pa\u00edses. Um dos momentos mais marcantes daquela edi\u00e7\u00e3o foi o acendimento da pira ol\u00edmpica: quem fez as honras foi Yoshinori Sakai, nascido em dia 6 de agosto de 1945, em Hiroshima \u2013 no mesmo dia que a bomba at\u00f4mica devastou a cidade.<\/p>\n<p><strong>Abertura e competi\u00e7\u00f5es<\/strong><\/p>\n<p>Prevista para \u00e0s 8h (hor\u00e1rio de Bras\u00edlia) desta sexta-feira (23) e com dura\u00e7\u00e3o de cerca de tr\u00eas horas, a tradicional cerim\u00f4nia de abertura dos Jogos Ol\u00edmpicos sofrer\u00e1 altera\u00e7\u00f5es\u00a0em T\u00f3quio, causadas pela emerg\u00eancia sanit\u00e1ria. Al\u00e9m da proibi\u00e7\u00e3o de venda de ingressos,\u00a0algumas delega\u00e7\u00f5es (incluindo a brasileira) dever\u00e3o enviar menos atletas para a cerim\u00f4nia em que a Pira Ol\u00edmpica \u00e9 acesa.<\/p>\n<p>Nesta quinta-feira (22), o Comit\u00ea Ol\u00edmpico do Brasil (COB) confirmou que levar\u00e1 apenas quatro pessoas para a cerim\u00f4nia (n\u00famero m\u00ednimo exigido de atletas e oficiais): os porta-bandeiras Bruno Rezende (voleibol) e Ketleyn Quadros (jud\u00f4), o chefe de Miss\u00e3o T\u00f3quio 2020, Marco La Porta, e um\u00a0oficial administrativo. De acordo com o COB, &#8220;a\u00a0decis\u00e3o foi tomada levando-se em considera\u00e7\u00e3o a seguran\u00e7a dos atletas brasileiros em cen\u00e1rio de pandemia, minimizando riscos de contamina\u00e7\u00e3o e contato pr\u00f3ximo&#8221;.<\/p>\n<p>O imperador Naruhito ir\u00e1 declarar a abertura das competi\u00e7\u00f5es. A ordem dos desfiles das delega\u00e7\u00f5es da abertura dos Jogos Ol\u00edmpicos tamb\u00e9m ser\u00e1\u00a0particular. Ela seguir\u00e1, na maioria dos casos, a ordem do alfabeto japon\u00eas katakana. Com isso, logo ap\u00f3s a Gr\u00e9cia (que, tradicionalmente, \u00e9 a primeira equipe a desfilar) e a Equipe Ol\u00edmpica de Refugiados, entrar\u00e3o no Est\u00e1dio Ol\u00edmpico a delega\u00e7\u00e3o da Isl\u00e2ndia (Aisurando em japon\u00eas), Irlanda (Airurando) e Azerbaij\u00e3o (Azerubaijan). As exce\u00e7\u00f5es ficar\u00e3o com as tr\u00eas \u00faltimas equipes a entrarem: Estados Unidos, Fran\u00e7a e Jap\u00e3o \u2013 que fecha a parada das na\u00e7\u00f5es). O Brasil ser\u00e1 a 152\u00ba delega\u00e7\u00e3o a entrar no desfile.<\/p>\n<p>A lista de comit\u00eas ol\u00edmpicos participantes conta tamb\u00e9m com o Time Ol\u00edmpico de Refugiados, formado por pessoas que n\u00e3o podem competir pelo pa\u00eds de origem e por isso, defendem a bandeira do Comit\u00ea Ol\u00edmpico Internacional (COI). O Comit\u00ea Ol\u00edmpico Russo traz uma delega\u00e7\u00e3o de atletas da R\u00fassia proibidos de competirem com a bandeira e o nome do pa\u00eds (nem o hino russo pode ser executado) devido a\u00a0<a href=\"https:\/\/agenciabrasil.ebc.com.br\/esportes\/noticia\/2020-12\/corte-arbitral-do-esporte-mantem-russia-fora-da-olimpiada-de-toquio\" target=\"_blank\" rel=\"noopener\">puni\u00e7\u00f5es por parte da Ag\u00eancia Mundial Antidopagem (WADA) e da Corte Arbitral do Esporte (CAS)<\/a>.<\/p>\n<p>Al\u00e9m da R\u00fassia, mais um pa\u00eds\u00a0filiado\u00a0ao COI n\u00e3o participar\u00e1\u00a0dos Jogos de T\u00f3quio: a\u00a0<a href=\"https:\/\/agenciabrasil.ebc.com.br\/esportes\/noticia\/2021-04\/coreia-do-norte-desiste-de-olimpiada-devido-covid-19-e-frustra-seul\" target=\"_blank\" rel=\"noopener\">Coreia do Norte<\/a>, que anunciou\u00a0a desist\u00eancia por causa da pandemia da covid-19. Com isso, o n\u00famero de bandeiras representadas nas competi\u00e7\u00f5es ser\u00e1 menor do que na Rio 2016, que teve 205 pa\u00edses, o time de refugiados e a equipe de Atletas Ol\u00edmpicos Independentes (formado por atletas do Kuwait, punido \u00e0 \u00e9poca pelo COI).<\/p>\n<p>Dentro das competi\u00e7\u00f5es, T\u00f3quio 2020 (mesmo com o adiamento de um ano, o nome oficial do evento continua referente ao ano passado) tem a expectativa de receber, ao todo, mais de 11 mil atletas de 204 pa\u00edses.<\/p>\n<p>A delega\u00e7\u00e3o com maior n\u00famero de membros \u00e9 a dos Estados Unidos, com 613 atletas. O pa\u00eds-sede, Jap\u00e3o, ter\u00e1 590 atletas nos Jogos Ol\u00edmpicos. O Brasil ser\u00e1 representado por 302 atletas em 35 modalidades. O n\u00famero ser\u00e1 menor do que o de atletas nas Olimp\u00edadas de 2016, que\u00a0<a href=\"https:\/\/agenciabrasil.ebc.com.br\/rio-2016\/noticia\/2016-07\/com-462-atletas-brasil-competira-com-maior-delegacao-de-sua-historia\" target=\"_blank\" rel=\"noopener\">foi de 462<\/a>. Ao contr\u00e1rio do que ocorreu nos Jogos do Rio (em que o Brasil, por ser pa\u00eds-sede, j\u00e1 tinha classificados em todas modalidades), o Brasil ficou de fora de 12 das 46 modalidades de T\u00f3quio.<\/p>\n<p>De acordo com o Comit\u00ea Ol\u00edmpico Internacional, essa ser\u00e1 a Olimp\u00edada com maior equil\u00edbrio de g\u00eanero da hist\u00f3ria: quase 49% dos inscritos s\u00e3o\u00a0mulheres. O atletismo \u00e9 o esporte com maior n\u00famero de participantes: 2.176. Por outro lado, apenas 19 atletas disputar\u00e3o as competi\u00e7\u00f5es de ciclismo BMX na categoria\u00a0<em>freestyle<\/em>.<\/p>\n<p>Antes mesmo da abertura oficial, algumas competi\u00e7\u00f5es j\u00e1 come\u00e7aram a ser realizadas. Na ter\u00e7a-feira (20), as primeiras partidas de softbol foram realizadas. Ontem (21), a bola rolou para a primeira rodada do futebol. E nesta quinta-feira,\u00a0foram disputadas as primeiras provas de remo.<\/p>\n<p>A primeira medalha de T\u00f3quio vai sair no tiro esportivo feminino: a disputa da final na modalidade rifle de ar 10m ocorre \u00e0s 10h45 (no hor\u00e1rio local, 22h45 no hor\u00e1rio de Bras\u00edlia) no dia 24 de julho.<\/p>\n<p>A cerim\u00f4nia de encerramento das Olimp\u00edadas ocorrer\u00e1 na noite de 8 de agosto (20h no hor\u00e1rio local). A \u00faltima medalha a ser disputada nesta edi\u00e7\u00e3o ser\u00e1 no polo aqu\u00e1tico masculino. A partida final come\u00e7a \u00e0s 16h30 (4h30 no hor\u00e1rio de Bras\u00edlia) do dia 8.<\/p>\n<p>Ao todo, os Jogos Ol\u00edmpicos de T\u00f3quio ter\u00e3o 339 eventos que distribuir\u00e3o medalhas em 46 modalidades (com 33 esportes). Neste ano, cinco modalidades estreiam ou voltam ao calend\u00e1rio de competi\u00e7\u00f5es:\u00a0<a href=\"https:\/\/agenciabrasil.ebc.com.br\/esportes\/noticia\/2021-07\/novos-esportes-em-toquio-16-brasileiros-competem-no-surfe-e-no-skate\" target=\"_blank\" rel=\"noopener\">beisebol\/softbol, karat\u00ea, skate, surfe e a escalada esportiva<\/a>.<\/p>\n<p>Algumas estrelas mundiais do esporte j\u00e1 confirmaram presen\u00e7a nos Jogos Ol\u00edmpicos de T\u00f3quio. No basquete, Kevin Durant ser\u00e1 o principal nome da equipe de estrelas dos Estados Unidos. No futebol feminino, a norte-americana Megan Rapinoe e a brasileira Marta s\u00e3o atra\u00e7\u00f5es. No masculino, o Brasil vai contar com Daniel Alves.<\/p>\n<p>Sem a presen\u00e7a de lendas como Usain Bolt e Michael Phelps, que se retiraram de seus esportes, os holofotes em esportes individuais ficar\u00e3o no s\u00e9rvio Novak Djokovic (supercampe\u00e3o de torneios Gram Slam) e na japonesa Naomi Osaka no t\u00eanis, nas norte-americanas Simone Biles (gin\u00e1stica art\u00edstica) e Katie Ledecky (nata\u00e7\u00e3o) e no franc\u00eas Teddy Riner no jud\u00f4.<\/p>\n<p><span style=\"font-weight: 400;\">Fonte: Ag\u00eancia Brasil <\/span><\/p>\n<div class=\"dnd-widget-wrapper context-cheio_8colunas type-image\">\n<div class=\"dnd-atom-rendered\"><\/div>\n<\/div>\n","protected":false},"excerpt":{"rendered":"<p>Nesta sexta-feira (23), os olhos de boa parte da popula\u00e7\u00e3o mundial estar\u00e3o voltados para a cidade de T\u00f3quio. Ap\u00f3s\u00a0o adiamento de um ano\u00a0por causa da pandemia da covid-19 e\u00a0amea\u00e7as de cancelamento, a 32\u00aa edi\u00e7\u00e3o da Olimp\u00edada de ver\u00e3o ter \u00e1 a abertura oficial a partir das 8h (hor\u00e1rio de Bras\u00edlia) no Est\u00e1dio Ol\u00edmpico de T\u00f3quio [&hellip;]<\/p>\n","protected":false},"author":246,"featured_media":185778,"comment_status":"closed","ping_status":"closed","sticky":false,"template":"","format":"standard","meta":{"footnotes":""},"categories":[440,257,439],"tags":[],"class_list":["post-185777","post","type-post","status-publish","format-standard","has-post-thumbnail","hentry","category-destaques-do-dia","category-esporte","category-ultima-hora"],"_links":{"self":[{"href":"https:\/\/diarioregionaldigital.com.br\/index.php?rest_route=\/wp\/v2\/posts\/185777","targetHints":{"allow":["GET"]}}],"collection":[{"href":"https:\/\/diarioregionaldigital.com.br\/index.php?rest_route=\/wp\/v2\/posts"}],"about":[{"href":"https:\/\/diarioregionaldigital.com.br\/index.php?rest_route=\/wp\/v2\/types\/post"}],"author":[{"embeddable":true,"href":"https:\/\/diarioregionaldigital.com.br\/index.php?rest_route=\/wp\/v2\/users\/246"}],"replies":[{"embeddable":true,"href":"https:\/\/diarioregionaldigital.com.br\/index.php?rest_route=%2Fwp%2Fv2%2Fcomments&post=185777"}],"version-history":[{"count":1,"href":"https:\/\/diarioregionaldigital.com.br\/index.php?rest_route=\/wp\/v2\/posts\/185777\/revisions"}],"predecessor-version":[{"id":185779,"href":"https:\/\/diarioregionaldigital.com.br\/index.php?rest_route=\/wp\/v2\/posts\/185777\/revisions\/185779"}],"wp:featuredmedia":[{"embeddable":true,"href":"https:\/\/diarioregionaldigital.com.br\/index.php?rest_route=\/wp\/v2\/media\/185778"}],"wp:attachment":[{"href":"https:\/\/diarioregionaldigital.com.br\/index.php?rest_route=%2Fwp%2Fv2%2Fmedia&parent=185777"}],"wp:term":[{"taxonomy":"category","embeddable":true,"href":"https:\/\/diarioregionaldigital.com.br\/index.php?rest_route=%2Fwp%2Fv2%2Fcategories&post=185777"},{"taxonomy":"post_tag","embeddable":true,"href":"https:\/\/diarioregionaldigital.com.br\/index.php?rest_route=%2Fwp%2Fv2%2Ftags&post=185777"}],"curies":[{"name":"wp","href":"https:\/\/api.w.org\/{rel}","templated":true}]}}