{"id":185774,"date":"2021-07-22T19:22:02","date_gmt":"2021-07-22T22:22:02","guid":{"rendered":"https:\/\/diarioregionaldigital.com.br\/?p=185774"},"modified":"2021-07-22T19:22:02","modified_gmt":"2021-07-22T22:22:02","slug":"com-torcida-flamengo-bate-defensa-y-justicia-e-avanca-na-libertadores","status":"publish","type":"post","link":"https:\/\/diarioregionaldigital.com.br\/?p=185774","title":{"rendered":"Com torcida, Flamengo bate Defensa y Justicia e avan\u00e7a na Libertadores"},"content":{"rendered":"<p>O Flamengo derrotou o Defensa y Justicia (Argentina) por 4 a 1, na noite desta quarta-feira (21) no est\u00e1dio Man\u00e9 Garrincha, em Bras\u00edlia. Com o resultado, na partida v\u00e1lida pelo confronto de volta das oitavas de final da Libertadores, o Rubro-Negro est\u00e1 classificado para a pr\u00f3xima fase do torneio.<img decoding=\"async\" src=\"https:\/\/agenciabrasil.ebc.com.br\/ebc.png?id=1416017&amp;o=node\" \/><img decoding=\"async\" src=\"https:\/\/agenciabrasil.ebc.com.br\/ebc.gif?id=1416017&amp;o=node\" \/><\/p>\n<p>O jogo marcou o retorno da torcida aos est\u00e1dios brasileiros em grandes confrontos internacionais ap\u00f3s a final da \u00faltima edi\u00e7\u00e3o da Libertadores, entre Santos e Palmeiras em janeiro de 2021. J\u00e1 o \u00faltimo jogo com p\u00fablico no est\u00e1dio Man\u00e9 Garrincha, que teve a participa\u00e7\u00e3o do Flamengo, foi a decis\u00e3o da edi\u00e7\u00e3o 2020 da Supercopa do Brasil contra o Athletico-PR.<\/p>\n<p><strong>Vit\u00f3ria e classifica\u00e7\u00e3o<\/strong><\/p>\n<p>O Flamengo n\u00e3o demorou a construir a sua vit\u00f3ria, o placar foi aberto logo aos oito minutos, gra\u00e7as a um gol de cabe\u00e7a do zagueiro Rodrigo Caio ap\u00f3s cobran\u00e7a de escanteio de Everton Ribeiro. Por\u00e9m, aos 39 minutos o goleiro Diego Alves cometeu falha grave ao tentar sair jogando com a bola no ch\u00e3o. Ele chutou, mas a bola bateu no jogador argentino Loaiza e foi para o fundo das redes.<\/p>\n<p>Por\u00e9m, na etapa final, ap\u00f3s mudan\u00e7as realizadas pelo t\u00e9cnico Renato Ga\u00facho, o Rubro-Negro dominou completamente o jogo. Com isso, o uruguaio Arrascaeta, aos 20 minutos de jogo, colocou a equipe brasileira em vantagem ao aproveitar rebote de chute de Michael para marcar de cabe\u00e7a. Aos 37, Vitinho ampliou a vantagem da equipe da G\u00e1vea, com um chute rasteiro de longe. E, aos 49, o mesmo Vitinho fez outro e fechou o placar.<\/p>\n<p>O advers\u00e1rio do Flamengo nas quartas de final na Libertadores ser\u00e1 decidido na pr\u00f3xima quinta-feira (22), no Beira-Rio, em Porto Alegre. Ap\u00f3s empate em 0 a 0 no Paraguai, o Internacional precisa vencer o Olimpia (Paraguai) para avan\u00e7ar. Um novo 0 a 0 leva a decis\u00e3o aos p\u00eanaltis, enquanto qualquer empate com gols classifica os paraguaios. Pelo Campeonato Brasileiro, o Flamengo volta a jogar no pr\u00f3ximo domingo (25), contra o S\u00e3o Paulo no Maracan\u00e3.<\/p>\n<p><span style=\"font-weight: 400;\">Fonte: Ag\u00eancia Brasil <\/span><\/p>\n","protected":false},"excerpt":{"rendered":"<p>O Flamengo derrotou o Defensa y Justicia (Argentina) por 4 a 1, na noite desta quarta-feira (21) no est\u00e1dio Man\u00e9 Garrincha, em Bras\u00edlia. Com o resultado, na partida v\u00e1lida pelo confronto de volta das oitavas de final da Libertadores, o Rubro-Negro est\u00e1 classificado para a pr\u00f3xima fase do torneio. O jogo marcou o retorno da [&hellip;]<\/p>\n","protected":false},"author":246,"featured_media":185775,"comment_status":"closed","ping_status":"closed","sticky":false,"template":"","format":"standard","meta":{"footnotes":""},"categories":[257,439],"tags":[],"class_list":["post-185774","post","type-post","status-publish","format-standard","has-post-thumbnail","hentry","category-esporte","category-ultima-hora"],"_links":{"self":[{"href":"https:\/\/diarioregionaldigital.com.br\/index.php?rest_route=\/wp\/v2\/posts\/185774","targetHints":{"allow":["GET"]}}],"collection":[{"href":"https:\/\/diarioregionaldigital.com.br\/index.php?rest_route=\/wp\/v2\/posts"}],"about":[{"href":"https:\/\/diarioregionaldigital.com.br\/index.php?rest_route=\/wp\/v2\/types\/post"}],"author":[{"embeddable":true,"href":"https:\/\/diarioregionaldigital.com.br\/index.php?rest_route=\/wp\/v2\/users\/246"}],"replies":[{"embeddable":true,"href":"https:\/\/diarioregionaldigital.com.br\/index.php?rest_route=%2Fwp%2Fv2%2Fcomments&post=185774"}],"version-history":[{"count":1,"href":"https:\/\/diarioregionaldigital.com.br\/index.php?rest_route=\/wp\/v2\/posts\/185774\/revisions"}],"predecessor-version":[{"id":185776,"href":"https:\/\/diarioregionaldigital.com.br\/index.php?rest_route=\/wp\/v2\/posts\/185774\/revisions\/185776"}],"wp:featuredmedia":[{"embeddable":true,"href":"https:\/\/diarioregionaldigital.com.br\/index.php?rest_route=\/wp\/v2\/media\/185775"}],"wp:attachment":[{"href":"https:\/\/diarioregionaldigital.com.br\/index.php?rest_route=%2Fwp%2Fv2%2Fmedia&parent=185774"}],"wp:term":[{"taxonomy":"category","embeddable":true,"href":"https:\/\/diarioregionaldigital.com.br\/index.php?rest_route=%2Fwp%2Fv2%2Fcategories&post=185774"},{"taxonomy":"post_tag","embeddable":true,"href":"https:\/\/diarioregionaldigital.com.br\/index.php?rest_route=%2Fwp%2Fv2%2Ftags&post=185774"}],"curies":[{"name":"wp","href":"https:\/\/api.w.org\/{rel}","templated":true}]}}