{"id":185771,"date":"2021-07-22T18:53:04","date_gmt":"2021-07-22T21:53:04","guid":{"rendered":"https:\/\/diarioregionaldigital.com.br\/?p=185771"},"modified":"2021-07-22T18:53:04","modified_gmt":"2021-07-22T21:53:04","slug":"debitos-de-ipva-e-taxas-estaduais-poderao-ser-regularizados-com-descontos-a-partir-de-agosto","status":"publish","type":"post","link":"https:\/\/diarioregionaldigital.com.br\/?p=185771","title":{"rendered":"D\u00e9bitos de IPVA e taxas estaduais poder\u00e3o ser regularizados com descontos a partir de agosto"},"content":{"rendered":"<p dir=\"ltr\">Dois decretos publicados no\u00a0<a href=\"https:\/\/www.jornalminasgerais.mg.gov.br\/\">Di\u00e1rio Oficial<\/a>\u00a0desta quarta-feira (21\/7) regulamentam os benef\u00edcios concedidos a cidad\u00e3os e empresas para a regulariza\u00e7\u00e3o de d\u00edvidas do Imposto sobre a Propriedade de Ve\u00edculos Automotores (IPVA) e das taxas Florestal, de Inc\u00eandio e de Licenciamento do Ve\u00edculo. O per\u00edodo de ades\u00e3o ao programa de regulariza\u00e7\u00e3o de d\u00e9bitos tribut\u00e1rios &#8211; Refis Mineiro -, que faz parte do plano Recome\u00e7a Minas, come\u00e7a em 2 de agosto e vai at\u00e9 23 de setembro de 2021.<\/p>\n<p dir=\"ltr\">Em todos os casos, os d\u00e9bitos podem estar formalizados ou n\u00e3o, inscritos ou n\u00e3o em d\u00edvida ativa, ter ajuizada ou n\u00e3o a sua cobran\u00e7a, bem como do saldo remanescente de parcelamento fiscal em curso, e devem ter sido gerados at\u00e9 31\/12\/2020. Portanto, d\u00edvidas relativas ao exerc\u00edcio de 2021 n\u00e3o est\u00e3o contempladas. Tamb\u00e9m devem ser consolidados todos os d\u00e9bitos em aberto.<\/p>\n<p dir=\"ltr\"><strong>Confira as condi\u00e7\u00f5es oferecidas:\u00a0<\/strong><\/p>\n<p dir=\"ltr\"><strong>Refis Mineiro &#8211; IPVA (Decreto 48.233)\u00a0<\/strong><\/p>\n<ul>\n<li dir=\"ltr\" aria-level=\"1\">\n<p dir=\"ltr\" role=\"presentation\">Pagamento \u00e0 vista &#8211; Desconto de 100% de multas e juros<\/p>\n<\/li>\n<li dir=\"ltr\" aria-level=\"1\">\n<p dir=\"ltr\" role=\"presentation\">At\u00e9 6 parcelas &#8211; Redu\u00e7\u00e3o de 50% de multas e juros<\/p>\n<\/li>\n<\/ul>\n<p dir=\"ltr\">(* Valor m\u00ednimo da parcela, R$ 200)<\/p>\n<p dir=\"ltr\"><strong>Refis Mineiro &#8211; Taxas (Decreto 48.232)\u00a0<\/strong><\/p>\n<p dir=\"ltr\">(Florestal; de Inc\u00eandio; e de Renova\u00e7\u00e3o do Licenciamento Anual do Ve\u00edculo-TRLAV)<\/p>\n<ul>\n<li dir=\"ltr\" aria-level=\"1\">\n<p dir=\"ltr\" role=\"presentation\">Pagamento \u00e0 vista &#8211; Desconto de 100% de multas e juros<\/p>\n<\/li>\n<li dir=\"ltr\" aria-level=\"1\">\n<p dir=\"ltr\" role=\"presentation\">At\u00e9 2 parcelas (exclusivo para entidades filantr\u00f3picas e templos de qualquer culto) &#8211; Desconto de 100% de multas e juros<\/p>\n<\/li>\n<\/ul>\n<p dir=\"ltr\">O subsecret\u00e1rio da\u00a0<a href=\"http:\/\/www.fazenda.mg.gov.br\/\">Receita Estadual<\/a>, Osvaldo Scavazza, explica que a ades\u00e3o deve ser feita, no per\u00edodo estipulado, diretamente pelo site da\u00a0<a href=\"http:\/\/www.fazenda.mg.gov.br\/\">Secretaria de Estado de Fazenda (SEF\/MG)<\/a>, onde o contribuinte poder\u00e1 consultar seus d\u00e9bitos, simular as condi\u00e7\u00f5es e, por fim, efetuar a habilita\u00e7\u00e3o no programa.<\/p>\n<p dir=\"ltr\">&#8220;Procuramos contemplar, na regulamenta\u00e7\u00e3o, condi\u00e7\u00f5es bastante favor\u00e1veis aos nossos contribuintes. No primeiro momento, o programa Refis Mineiro alcan\u00e7ou os contribuintes do ICMS. Agora, os cidad\u00e3os e as empresas de menor porte tamb\u00e9m poder\u00e3o regularizar sua situa\u00e7\u00e3o fiscal junto ao Estado, de forma simplificada e facilitada&#8221;, destaca o subsecret\u00e1rio.<\/p>\n<p><span style=\"font-weight: 400;\">Fonte: Ag\u00eancia Minas <\/span><\/p>\n","protected":false},"excerpt":{"rendered":"<p>Dois decretos publicados no\u00a0Di\u00e1rio Oficial\u00a0desta quarta-feira (21\/7) regulamentam os benef\u00edcios concedidos a cidad\u00e3os e empresas para a regulariza\u00e7\u00e3o de d\u00edvidas do Imposto sobre a Propriedade de Ve\u00edculos Automotores (IPVA) e das taxas Florestal, de Inc\u00eandio e de Licenciamento do Ve\u00edculo. O per\u00edodo de ades\u00e3o ao programa de regulariza\u00e7\u00e3o de d\u00e9bitos tribut\u00e1rios &#8211; Refis Mineiro -, [&hellip;]<\/p>\n","protected":false},"author":246,"featured_media":185772,"comment_status":"closed","ping_status":"closed","sticky":false,"template":"","format":"standard","meta":{"footnotes":""},"categories":[436,254,439],"tags":[],"class_list":["post-185771","post","type-post","status-publish","format-standard","has-post-thumbnail","hentry","category-destaque-da-semana","category-politica","category-ultima-hora"],"_links":{"self":[{"href":"https:\/\/diarioregionaldigital.com.br\/index.php?rest_route=\/wp\/v2\/posts\/185771","targetHints":{"allow":["GET"]}}],"collection":[{"href":"https:\/\/diarioregionaldigital.com.br\/index.php?rest_route=\/wp\/v2\/posts"}],"about":[{"href":"https:\/\/diarioregionaldigital.com.br\/index.php?rest_route=\/wp\/v2\/types\/post"}],"author":[{"embeddable":true,"href":"https:\/\/diarioregionaldigital.com.br\/index.php?rest_route=\/wp\/v2\/users\/246"}],"replies":[{"embeddable":true,"href":"https:\/\/diarioregionaldigital.com.br\/index.php?rest_route=%2Fwp%2Fv2%2Fcomments&post=185771"}],"version-history":[{"count":1,"href":"https:\/\/diarioregionaldigital.com.br\/index.php?rest_route=\/wp\/v2\/posts\/185771\/revisions"}],"predecessor-version":[{"id":185773,"href":"https:\/\/diarioregionaldigital.com.br\/index.php?rest_route=\/wp\/v2\/posts\/185771\/revisions\/185773"}],"wp:featuredmedia":[{"embeddable":true,"href":"https:\/\/diarioregionaldigital.com.br\/index.php?rest_route=\/wp\/v2\/media\/185772"}],"wp:attachment":[{"href":"https:\/\/diarioregionaldigital.com.br\/index.php?rest_route=%2Fwp%2Fv2%2Fmedia&parent=185771"}],"wp:term":[{"taxonomy":"category","embeddable":true,"href":"https:\/\/diarioregionaldigital.com.br\/index.php?rest_route=%2Fwp%2Fv2%2Fcategories&post=185771"},{"taxonomy":"post_tag","embeddable":true,"href":"https:\/\/diarioregionaldigital.com.br\/index.php?rest_route=%2Fwp%2Fv2%2Ftags&post=185771"}],"curies":[{"name":"wp","href":"https:\/\/api.w.org\/{rel}","templated":true}]}}