{"id":185767,"date":"2021-07-22T18:51:20","date_gmt":"2021-07-22T21:51:20","guid":{"rendered":"https:\/\/diarioregionaldigital.com.br\/?p=185767"},"modified":"2021-07-22T18:51:20","modified_gmt":"2021-07-22T21:51:20","slug":"governo-de-minas-elimina-exigencia-de-autenticacao-de-documentos-em-servicos-estaduais","status":"publish","type":"post","link":"https:\/\/diarioregionaldigital.com.br\/?p=185767","title":{"rendered":"Governo de Minas elimina exig\u00eancia de autentica\u00e7\u00e3o de documentos em servi\u00e7os estaduais"},"content":{"rendered":"<p>Desburocratizar e simplificar os servi\u00e7os p\u00fablicos para atender os mineiros \u00e9 uma das metas e compromissos desta\u00a0gest\u00e3o. Com foco nesse objetivo, o\u00a0<a href=\"http:\/\/www.mg.gov.br\/\" target=\"_blank\" rel=\"noopener\">Governo de Minas<\/a>, por meio do projeto Minas Atende da\u00a0<a href=\"http:\/\/www.planejamento.mg.gov.br\/\" target=\"_blank\" rel=\"noopener\">Secretaria de Estado de Planejamento e Gest\u00e3o (Seplag)<\/a>, eliminou a exig\u00eancia de autentica\u00e7\u00e3o em documentos nos servi\u00e7os p\u00fablicos cadastrados no Portal MG (<a href=\"http:\/\/www.mg.gov.br\/\" target=\"_blank\" rel=\"noopener\">mg.gov.br<\/a>).<\/p>\n<p>Atualmente, 1.051 servi\u00e7os est\u00e3o \u00e0 disposi\u00e7\u00e3o no Portal MG. A\u00a0medida de simplifica\u00e7\u00e3o d\u00e1 mais celeridade aos processos e segue determina\u00e7\u00e3o do governador de Minas Gerais, Romeu Zema, de facilitar aos mineiros o acesso aos servi\u00e7os p\u00fablicos estaduais.<\/p>\n<p>\u201cA retirada da exig\u00eancia de autentica\u00e7\u00e3o de documentos \u2013 prevista, inclusive, em Lei Federal \u2013 \u00e9 uma meta vencida e n\u00e3o temos d\u00favidas de quanto isso facilita a presta\u00e7\u00e3o dos servi\u00e7os, al\u00e9m de eliminar custos ao cidad\u00e3o\u201d, afirma a subsecret\u00e1ria de Gest\u00e3o Estrat\u00e9gica da Seplag, Beatriz G\u00f3es.<\/p>\n<p>Segundo a subsecret\u00e1ria, agora cabe ao agente administrativo atestar a autenticidade do documento, mediante a compara\u00e7\u00e3o entre o original e a c\u00f3pia, sem a necessidade de o usu\u00e1rio apresentar a c\u00f3pia autenticada em cart\u00f3rio.<\/p>\n<p>A Seplag ressalta\u00a0que\u00a0a autentica\u00e7\u00e3o ainda pode ser exigida em\u00a0casos espec\u00edficos e\/ou por exig\u00eancia legal.\u00a0A exig\u00eancia de documentos autenticados se mant\u00e9m, por exemplo, para os casos em que o usu\u00e1rio n\u00e3o pode apresentar o documento original no ato da solicita\u00e7\u00e3o do servi\u00e7o para confer\u00eancia do agente administrativo, em documentos enviados pelos Correios, assim como para os casos em que o documento solicitado \u00e9 originalmente autenticado, como a procura\u00e7\u00e3o p\u00fablica, e em servi\u00e7os nos quais a exig\u00eancia esteja especificada em lei.<\/p>\n<p><strong>Estrat\u00e9gico<\/strong><\/p>\n<p>O Minas Atende \u00e9 um projeto estrat\u00e9gico do Estado que tem como objetivo aproximar o cidad\u00e3o do Governo de Minas. Em 2019, quando foi lan\u00e7ado, a Seplag iniciou a coordena\u00e7\u00e3o de um grupo de trabalho respons\u00e1vel pelo levantamento e pela an\u00e1lise dos servi\u00e7os que necessitavam da autentica\u00e7\u00e3o de documentos.<\/p>\n<p>Atualmente, al\u00e9m da simplifica\u00e7\u00e3o, o Minas Atende\u00a0atua em frentes como inova\u00e7\u00e3o e moderniza\u00e7\u00e3o na presta\u00e7\u00e3o dos servi\u00e7os e incentivo ao desenvolvimento dos funcion\u00e1rios p\u00fablicos.<\/p>\n<p>\u201cA frente da simplifica\u00e7\u00e3o \u00e9 relevante para toda a gest\u00e3o e para a popula\u00e7\u00e3o, uma vez que facilita o acesso dos usu\u00e1rios aos servi\u00e7os p\u00fablicos e implementa as diretrizes do C\u00f3digo de Defesa do Usu\u00e1rio, previsto na Lei Federal 13460\/2017\u201d, ressalta a diretora Central de Simplifica\u00e7\u00e3o e Moderniza\u00e7\u00e3o Institucional, Amanda Dias.<\/p>\n<p>Para acessar o Portal MG e conferir os servi\u00e7os dispon\u00edveis,\u00a0<a href=\"https:\/\/www.mg.gov.br\/cidadao\" target=\"_blank\" rel=\"noopener\">clique aqui<\/a>.<\/p>\n<p><span style=\"font-weight: 400;\">Fonte: Ag\u00eancia Minas <\/span><\/p>\n","protected":false},"excerpt":{"rendered":"<p>Desburocratizar e simplificar os servi\u00e7os p\u00fablicos para atender os mineiros \u00e9 uma das metas e compromissos desta\u00a0gest\u00e3o. Com foco nesse objetivo, o\u00a0Governo de Minas, por meio do projeto Minas Atende da\u00a0Secretaria de Estado de Planejamento e Gest\u00e3o (Seplag), eliminou a exig\u00eancia de autentica\u00e7\u00e3o em documentos nos servi\u00e7os p\u00fablicos cadastrados no Portal MG (mg.gov.br). Atualmente, 1.051 [&hellip;]<\/p>\n","protected":false},"author":246,"featured_media":185768,"comment_status":"closed","ping_status":"closed","sticky":false,"template":"","format":"standard","meta":{"footnotes":""},"categories":[436,254,439],"tags":[],"class_list":["post-185767","post","type-post","status-publish","format-standard","has-post-thumbnail","hentry","category-destaque-da-semana","category-politica","category-ultima-hora"],"_links":{"self":[{"href":"https:\/\/diarioregionaldigital.com.br\/index.php?rest_route=\/wp\/v2\/posts\/185767","targetHints":{"allow":["GET"]}}],"collection":[{"href":"https:\/\/diarioregionaldigital.com.br\/index.php?rest_route=\/wp\/v2\/posts"}],"about":[{"href":"https:\/\/diarioregionaldigital.com.br\/index.php?rest_route=\/wp\/v2\/types\/post"}],"author":[{"embeddable":true,"href":"https:\/\/diarioregionaldigital.com.br\/index.php?rest_route=\/wp\/v2\/users\/246"}],"replies":[{"embeddable":true,"href":"https:\/\/diarioregionaldigital.com.br\/index.php?rest_route=%2Fwp%2Fv2%2Fcomments&post=185767"}],"version-history":[{"count":2,"href":"https:\/\/diarioregionaldigital.com.br\/index.php?rest_route=\/wp\/v2\/posts\/185767\/revisions"}],"predecessor-version":[{"id":185770,"href":"https:\/\/diarioregionaldigital.com.br\/index.php?rest_route=\/wp\/v2\/posts\/185767\/revisions\/185770"}],"wp:featuredmedia":[{"embeddable":true,"href":"https:\/\/diarioregionaldigital.com.br\/index.php?rest_route=\/wp\/v2\/media\/185768"}],"wp:attachment":[{"href":"https:\/\/diarioregionaldigital.com.br\/index.php?rest_route=%2Fwp%2Fv2%2Fmedia&parent=185767"}],"wp:term":[{"taxonomy":"category","embeddable":true,"href":"https:\/\/diarioregionaldigital.com.br\/index.php?rest_route=%2Fwp%2Fv2%2Fcategories&post=185767"},{"taxonomy":"post_tag","embeddable":true,"href":"https:\/\/diarioregionaldigital.com.br\/index.php?rest_route=%2Fwp%2Fv2%2Ftags&post=185767"}],"curies":[{"name":"wp","href":"https:\/\/api.w.org\/{rel}","templated":true}]}}