{"id":185761,"date":"2021-07-22T18:46:20","date_gmt":"2021-07-22T21:46:20","guid":{"rendered":"https:\/\/diarioregionaldigital.com.br\/?p=185761"},"modified":"2021-07-22T18:46:20","modified_gmt":"2021-07-22T21:46:20","slug":"senador-ciro-nogueira-assumira-comando-da-casa-civil-diz-presidente","status":"publish","type":"post","link":"https:\/\/diarioregionaldigital.com.br\/?p=185761","title":{"rendered":"Senador Ciro Nogueira assumir\u00e1 comando da Casa Civil, diz presidente"},"content":{"rendered":"<p>O presidente Jair Bolsonaro confirmou hoje (22) que o senador Ciro Nogueira (PP-PI) vai assumir a Casa Civil da Presid\u00eancia Rep\u00fablica, em uma reforma ministerial que deve acontecer na semana que vem. &#8220;Est\u00e1 praticamente certo. Vamos botar um senador aqui na Casa Civil que pode manter um di\u00e1logo melhor com o parlamento brasileiro&#8221;, disse Bolsonaro em entrevista \u00e0 R\u00e1dio Banda B, de Curitiba, nesta manh\u00e3.<img decoding=\"async\" src=\"https:\/\/agenciabrasil.ebc.com.br\/ebc.png?id=1416036&amp;o=node\" \/><img decoding=\"async\" src=\"https:\/\/agenciabrasil.ebc.com.br\/ebc.gif?id=1416036&amp;o=node\" \/><\/p>\n<p>&#8220;A princ\u00edpio \u00e9 ele [Ciro Nogueira], conversei com ele j\u00e1, ele aceitou. Ele est\u00e1 em recesso, chega em Bras\u00edlia segunda-feira, converso com ele, acertamos os ponteiros. E a gente toca o barco. \u00c9 uma pessoa que eu conhe\u00e7o h\u00e1 muito tempo, ele chegou em 95 na C\u00e2mara, eu cheguei em 91&#8221;, explicou Bolsonaro, que divulgou a entrevista em suas redes sociais.<\/p>\n<p>O presidente tamb\u00e9m confirmou a recria\u00e7\u00e3o do Minist\u00e9rio do Trabalho e Previd\u00eancia, que, no in\u00edcio do governo, foi agrupado com outros quatro minist\u00e9rios para a cria\u00e7\u00e3o do Minist\u00e9rio da Economia, sob o comando do ministro Paulo Guedes. O atual ministro da Secretaria-Geral, Onyx Lorenzoni, ser\u00e1 o titular deste novo minist\u00e9rio e o atual chefe da Casa Civil, Luiz Eduardo Ramos, assumir\u00e1 seu lugar na Secretaria-Geral.<\/p>\n<p>\u201cEle mesmo [Paulo Guedes] concordou com tir\u00e1-lo dessa parte para passar para esse novo minist\u00e9rio. D\u00e1 uma descompress\u00e3o no Paulo Guedes e deixa o Onyx para tratar dessa quest\u00e3o important\u00edssima [trabalho]\u201d, disse o presidente.<\/p>\n<p>De acordo com Bolsonaro, o n\u00famero de minist\u00e9rios ser\u00e1 restabelecido para o total de 23. Em fevereiro deste ano, com a\u00a0<a href=\"https:\/\/agenciabrasil.ebc.com.br\/politica\/noticia\/2021-02\/bolsonaro-sanciona-lei-que-da-autonomia-ao-banco-central\" target=\"_blank\" rel=\"noopener\">aprova\u00e7\u00e3o da autonomia do Banco Central<\/a>, o \u00f3rg\u00e3o perdeu status de minist\u00e9rio e se transformou em autarquia federal.<\/p>\n<p>Agora, a pasta de Trabalho e Previd\u00eancia completar\u00e1 a lista. \u201cN\u00e3o vai pesar em nada as finan\u00e7as. N\u00e3o vamos criar cargos, \u00e9 apenas uma mudan\u00e7a de secretarias do Minist\u00e9rio da Economia para esse novo minist\u00e9rio\u201d, explicou.<\/p>\n<p>Em mar\u00e7o deste ano, o presidente j\u00e1 havia promovido uma reforma ministerial, com\u00a0<a href=\"https:\/\/agenciabrasil.ebc.com.br\/politica\/noticia\/2021-04\/bolsonaro-da-posse-seis-ministros\" target=\"_blank\" rel=\"noopener\">trocas em seis minist\u00e9rios<\/a>: Casa Civil e Secretaria de Governo, ambas ligadas \u00e0 Presid\u00eancia da Rep\u00fablica, minist\u00e9rios da Justi\u00e7a e Seguran\u00e7a P\u00fablica, das Rela\u00e7\u00f5es Exteriores e da Defesa e tamb\u00e9m da Advocacia-Geral da Uni\u00e3o (AGU).<\/p>\n<p><span style=\"font-weight: 400;\"><br \/>\n<\/span><span style=\"font-weight: 400;\">Fonte: Ag\u00eancia Brasil <\/span><\/p>\n","protected":false},"excerpt":{"rendered":"<p>O presidente Jair Bolsonaro confirmou hoje (22) que o senador Ciro Nogueira (PP-PI) vai assumir a Casa Civil da Presid\u00eancia Rep\u00fablica, em uma reforma ministerial que deve acontecer na semana que vem. &#8220;Est\u00e1 praticamente certo. Vamos botar um senador aqui na Casa Civil que pode manter um di\u00e1logo melhor com o parlamento brasileiro&#8221;, disse Bolsonaro [&hellip;]<\/p>\n","protected":false},"author":246,"featured_media":185762,"comment_status":"closed","ping_status":"closed","sticky":false,"template":"","format":"standard","meta":{"footnotes":""},"categories":[440,254,439],"tags":[],"class_list":["post-185761","post","type-post","status-publish","format-standard","has-post-thumbnail","hentry","category-destaques-do-dia","category-politica","category-ultima-hora"],"_links":{"self":[{"href":"https:\/\/diarioregionaldigital.com.br\/index.php?rest_route=\/wp\/v2\/posts\/185761","targetHints":{"allow":["GET"]}}],"collection":[{"href":"https:\/\/diarioregionaldigital.com.br\/index.php?rest_route=\/wp\/v2\/posts"}],"about":[{"href":"https:\/\/diarioregionaldigital.com.br\/index.php?rest_route=\/wp\/v2\/types\/post"}],"author":[{"embeddable":true,"href":"https:\/\/diarioregionaldigital.com.br\/index.php?rest_route=\/wp\/v2\/users\/246"}],"replies":[{"embeddable":true,"href":"https:\/\/diarioregionaldigital.com.br\/index.php?rest_route=%2Fwp%2Fv2%2Fcomments&post=185761"}],"version-history":[{"count":1,"href":"https:\/\/diarioregionaldigital.com.br\/index.php?rest_route=\/wp\/v2\/posts\/185761\/revisions"}],"predecessor-version":[{"id":185763,"href":"https:\/\/diarioregionaldigital.com.br\/index.php?rest_route=\/wp\/v2\/posts\/185761\/revisions\/185763"}],"wp:featuredmedia":[{"embeddable":true,"href":"https:\/\/diarioregionaldigital.com.br\/index.php?rest_route=\/wp\/v2\/media\/185762"}],"wp:attachment":[{"href":"https:\/\/diarioregionaldigital.com.br\/index.php?rest_route=%2Fwp%2Fv2%2Fmedia&parent=185761"}],"wp:term":[{"taxonomy":"category","embeddable":true,"href":"https:\/\/diarioregionaldigital.com.br\/index.php?rest_route=%2Fwp%2Fv2%2Fcategories&post=185761"},{"taxonomy":"post_tag","embeddable":true,"href":"https:\/\/diarioregionaldigital.com.br\/index.php?rest_route=%2Fwp%2Fv2%2Ftags&post=185761"}],"curies":[{"name":"wp","href":"https:\/\/api.w.org\/{rel}","templated":true}]}}