{"id":185723,"date":"2021-07-21T19:04:39","date_gmt":"2021-07-21T22:04:39","guid":{"rendered":"https:\/\/diarioregionaldigital.com.br\/?p=185723"},"modified":"2021-07-21T19:04:39","modified_gmt":"2021-07-21T22:04:39","slug":"setor-de-tratamento-fora-do-domicilio-nao-abre-nesta-quinta-e-sexta-feira","status":"publish","type":"post","link":"https:\/\/diarioregionaldigital.com.br\/?p=185723","title":{"rendered":"Setor de Tratamento Fora do Domic\u00edlio n\u00e3o abre nesta quinta e sexta-feira"},"content":{"rendered":"<div id=\"box_texto_noticia\">A Secretaria de Sa\u00fade (SS) da Prefeitura de Juiz de Fora (PJF) informa que, por motivos de mudan\u00e7as, o setor de Tratamento Fora do Domic\u00edlio, que funciona no Pam Marechal, ficar\u00e1 fechado para atendimento ao p\u00fablico nesta quinta e sexta-feira, dias 22 e 23. Segundo informa\u00e7\u00f5es do site da Prefeitura de Juiz de Fora, o servi\u00e7o voltar\u00e1 ao atendimento na pr\u00f3xima segunda-feira, dia 26.<\/div>\n<p>&nbsp;<\/p>\n<div id=\"box_compartilhar\" align=\"right\"><\/div>\n","protected":false},"excerpt":{"rendered":"<p>A Secretaria de Sa\u00fade (SS) da Prefeitura de Juiz de Fora (PJF) informa que, por motivos de mudan\u00e7as, o setor de Tratamento Fora do Domic\u00edlio, que funciona no Pam Marechal, ficar\u00e1 fechado para atendimento ao p\u00fablico nesta quinta e sexta-feira, dias 22 e 23. Segundo informa\u00e7\u00f5es do site da Prefeitura de Juiz de Fora, o [&hellip;]<\/p>\n","protected":false},"author":246,"featured_media":185724,"comment_status":"closed","ping_status":"closed","sticky":false,"template":"","format":"standard","meta":{"footnotes":""},"categories":[253,436,439],"tags":[],"class_list":["post-185723","post","type-post","status-publish","format-standard","has-post-thumbnail","hentry","category-cidade","category-destaque-da-semana","category-ultima-hora"],"_links":{"self":[{"href":"https:\/\/diarioregionaldigital.com.br\/index.php?rest_route=\/wp\/v2\/posts\/185723","targetHints":{"allow":["GET"]}}],"collection":[{"href":"https:\/\/diarioregionaldigital.com.br\/index.php?rest_route=\/wp\/v2\/posts"}],"about":[{"href":"https:\/\/diarioregionaldigital.com.br\/index.php?rest_route=\/wp\/v2\/types\/post"}],"author":[{"embeddable":true,"href":"https:\/\/diarioregionaldigital.com.br\/index.php?rest_route=\/wp\/v2\/users\/246"}],"replies":[{"embeddable":true,"href":"https:\/\/diarioregionaldigital.com.br\/index.php?rest_route=%2Fwp%2Fv2%2Fcomments&post=185723"}],"version-history":[{"count":1,"href":"https:\/\/diarioregionaldigital.com.br\/index.php?rest_route=\/wp\/v2\/posts\/185723\/revisions"}],"predecessor-version":[{"id":185725,"href":"https:\/\/diarioregionaldigital.com.br\/index.php?rest_route=\/wp\/v2\/posts\/185723\/revisions\/185725"}],"wp:featuredmedia":[{"embeddable":true,"href":"https:\/\/diarioregionaldigital.com.br\/index.php?rest_route=\/wp\/v2\/media\/185724"}],"wp:attachment":[{"href":"https:\/\/diarioregionaldigital.com.br\/index.php?rest_route=%2Fwp%2Fv2%2Fmedia&parent=185723"}],"wp:term":[{"taxonomy":"category","embeddable":true,"href":"https:\/\/diarioregionaldigital.com.br\/index.php?rest_route=%2Fwp%2Fv2%2Fcategories&post=185723"},{"taxonomy":"post_tag","embeddable":true,"href":"https:\/\/diarioregionaldigital.com.br\/index.php?rest_route=%2Fwp%2Fv2%2Ftags&post=185723"}],"curies":[{"name":"wp","href":"https:\/\/api.w.org\/{rel}","templated":true}]}}