{"id":185720,"date":"2021-07-21T19:02:19","date_gmt":"2021-07-21T22:02:19","guid":{"rendered":"https:\/\/diarioregionaldigital.com.br\/?p=185720"},"modified":"2021-07-21T19:02:19","modified_gmt":"2021-07-21T22:02:19","slug":"mais-140-metros-de-redes-de-esgoto-sao-remodelados-no-quintas-das-avenidas-pela-cesama","status":"publish","type":"post","link":"https:\/\/diarioregionaldigital.com.br\/?p=185720","title":{"rendered":"Mais 140 metros de redes de esgoto s\u00e3o remodelados no Quintas das Avenidas pela Cesama"},"content":{"rendered":"<p>Nesta quarta-feira, 21, a Companhia de Saneamento Municipal (Cesama) da Prefeitura de Juiz de Fora (PJF) iniciou os trabalhos de remodela\u00e7\u00e3o de 140 metros de redes de esgoto na rua Francisco Delduca, no bairro Quintas das Avenidas. At\u00e9 meados de agosto, a via ir\u00e1 receber novos tubos de PVC ocre, com 200 mil\u00edmetros de di\u00e2metro, que ir\u00e3o substituir as antigas manilhas de barro que atendiam a regi\u00e3o.<\/p>\n<p>Segundo informa\u00e7\u00f5es do site da Prefeitura de Juiz de Fora, como a interven\u00e7\u00e3o acontece em uma \u00e1rea de servid\u00e3o, n\u00e3o ser\u00e1 necess\u00e1rio intervir no fluxo de ve\u00edculos da via. A a\u00e7\u00e3o complementa a remodela\u00e7\u00e3o da tubula\u00e7\u00e3o de esgoto da rua Arcioli Lazzarini, onde foram substitu\u00eddos 70 metros de redes no final de junho.<\/p>\n<p>As a\u00e7\u00f5es de remodela\u00e7\u00e3o s\u00e3o realizadas ao longo de todo o ano, seguindo programa\u00e7\u00e3o de prioridades, quando \u00e9 avaliada a necessidade de troca. Esta an\u00e1lise leva em conta a antiguidade e o desgaste do material, o fato de o dimensionamento da tubula\u00e7\u00e3o j\u00e1 n\u00e3o ser compat\u00edvel com o n\u00famero de im\u00f3veis atendidos e os transtornos causados aos usu\u00e1rios do sistema, al\u00e9m dos custos de manuten\u00e7\u00e3o.<\/p>\n","protected":false},"excerpt":{"rendered":"<p>Nesta quarta-feira, 21, a Companhia de Saneamento Municipal (Cesama) da Prefeitura de Juiz de Fora (PJF) iniciou os trabalhos de remodela\u00e7\u00e3o de 140 metros de redes de esgoto na rua Francisco Delduca, no bairro Quintas das Avenidas. At\u00e9 meados de agosto, a via ir\u00e1 receber novos tubos de PVC ocre, com 200 mil\u00edmetros de di\u00e2metro, [&hellip;]<\/p>\n","protected":false},"author":246,"featured_media":185721,"comment_status":"closed","ping_status":"closed","sticky":false,"template":"","format":"standard","meta":{"footnotes":""},"categories":[253,436,439],"tags":[],"class_list":["post-185720","post","type-post","status-publish","format-standard","has-post-thumbnail","hentry","category-cidade","category-destaque-da-semana","category-ultima-hora"],"_links":{"self":[{"href":"https:\/\/diarioregionaldigital.com.br\/index.php?rest_route=\/wp\/v2\/posts\/185720","targetHints":{"allow":["GET"]}}],"collection":[{"href":"https:\/\/diarioregionaldigital.com.br\/index.php?rest_route=\/wp\/v2\/posts"}],"about":[{"href":"https:\/\/diarioregionaldigital.com.br\/index.php?rest_route=\/wp\/v2\/types\/post"}],"author":[{"embeddable":true,"href":"https:\/\/diarioregionaldigital.com.br\/index.php?rest_route=\/wp\/v2\/users\/246"}],"replies":[{"embeddable":true,"href":"https:\/\/diarioregionaldigital.com.br\/index.php?rest_route=%2Fwp%2Fv2%2Fcomments&post=185720"}],"version-history":[{"count":1,"href":"https:\/\/diarioregionaldigital.com.br\/index.php?rest_route=\/wp\/v2\/posts\/185720\/revisions"}],"predecessor-version":[{"id":185722,"href":"https:\/\/diarioregionaldigital.com.br\/index.php?rest_route=\/wp\/v2\/posts\/185720\/revisions\/185722"}],"wp:featuredmedia":[{"embeddable":true,"href":"https:\/\/diarioregionaldigital.com.br\/index.php?rest_route=\/wp\/v2\/media\/185721"}],"wp:attachment":[{"href":"https:\/\/diarioregionaldigital.com.br\/index.php?rest_route=%2Fwp%2Fv2%2Fmedia&parent=185720"}],"wp:term":[{"taxonomy":"category","embeddable":true,"href":"https:\/\/diarioregionaldigital.com.br\/index.php?rest_route=%2Fwp%2Fv2%2Fcategories&post=185720"},{"taxonomy":"post_tag","embeddable":true,"href":"https:\/\/diarioregionaldigital.com.br\/index.php?rest_route=%2Fwp%2Fv2%2Ftags&post=185720"}],"curies":[{"name":"wp","href":"https:\/\/api.w.org\/{rel}","templated":true}]}}