{"id":185717,"date":"2021-07-21T18:59:34","date_gmt":"2021-07-21T21:59:34","guid":{"rendered":"https:\/\/diarioregionaldigital.com.br\/?p=185717"},"modified":"2021-07-21T22:02:54","modified_gmt":"2021-07-22T01:02:54","slug":"prefeitura-participa-do-programa-nacional-de-combate-a-corrupcao","status":"publish","type":"post","link":"https:\/\/diarioregionaldigital.com.br\/?p=185717","title":{"rendered":"Prefeitura participa do Programa Nacional de Combate \u00e0 Corrup\u00e7\u00e3o"},"content":{"rendered":"<p>A Prefeitura de Juiz de Fora (PJF) est\u00e1 participando do Programa Nacional de Combate \u00e0 Corrup\u00e7\u00e3o, atrav\u00e9s do sistema e-Preven\u00e7\u00e3o, desenvolvido pelo Tribunal de Contas da Uni\u00e3o (TCU) e a Controladoria Geral do Munic\u00edpio (CGM) \u00e9 a respons\u00e1vel por coordenar e garantir que todas as Secretarias participem.<\/p>\n<p>Segundo informa\u00e7\u00f5es do site da Prefeitura de Juiz de Fora, o objetivo \u00e9 oferecer uma avalia\u00e7\u00e3o individual quanto \u00e0 transpar\u00eancia na utiliza\u00e7\u00e3o do dinheiro p\u00fablico, buscando efici\u00eancia na presta\u00e7\u00e3o dos servi\u00e7os e promovendo a participa\u00e7\u00e3o da sociedade no controle e nas tomadas de decis\u00e3o.<\/p>\n<p>A plataforma conta com um formul\u00e1rio de autoavalia\u00e7\u00e3o dos gestores que ser\u00e1 recebido por todo o secretariado. Ap\u00f3s o preenchimento, o gestor ter\u00e1 a oportunidade de analisar sua unidade, descobrindo previamente os pontos mais vulner\u00e1veis e suscet\u00edveis a falhas.<\/p>\n<p>As respostas n\u00e3o ser\u00e3o utilizadas para fins de investiga\u00e7\u00e3o ou puni\u00e7\u00e3o, mas sim, para indicar caminhos para que as unidades tenham padr\u00f5es de integridade e implementem processos de controle e preven\u00e7\u00e3o \u00e0 corrup\u00e7\u00e3o.<\/p>\n<p>A Controladora Geral do Munic\u00edpio, Denise Periss\u00e9, avalia a import\u00e2ncia do sistema. \u201cCom este mecanismo cada gestor ser\u00e1 capaz de visualizar as dificuldades da sua unidade, aperfei\u00e7oar as estruturas de preven\u00e7\u00e3o, obter a dimens\u00e3o dos riscos, tudo atrav\u00e9s do diagn\u00f3stico e poder\u00e1 implementar as boas pr\u00e1ticas sugeridas e tamb\u00e9m, a cada dois anos, poder\u00e1 se autoavaliar novamente e verificar se houve evolu\u00e7\u00e3o.\u201d<\/p>\n<p>Nos question\u00e1rio s\u00e3o avaliados seis mecanismos de combate \u00e0 corrup\u00e7\u00e3o: preven\u00e7\u00e3o, para evitar fraudes; detec\u00e7\u00e3o, para localizar casos assim que eles ocorram; investiga\u00e7\u00e3o, que analisa casos de corrup\u00e7\u00e3o; corre\u00e7\u00e3o, voltada para a escolha mais efetiva para puni\u00e7\u00e3o dos delitos; monitoramento, acompanhamento dos casos j\u00e1 ocorridos, e transpar\u00eancia e Participa\u00e7\u00e3o Social.<\/p>\n","protected":false},"excerpt":{"rendered":"<p>A Prefeitura de Juiz de Fora (PJF) est\u00e1 participando do Programa Nacional de Combate \u00e0 Corrup\u00e7\u00e3o, atrav\u00e9s do sistema e-Preven\u00e7\u00e3o, desenvolvido pelo Tribunal de Contas da Uni\u00e3o (TCU) e a Controladoria Geral do Munic\u00edpio (CGM) \u00e9 a respons\u00e1vel por coordenar e garantir que todas as Secretarias participem. Segundo informa\u00e7\u00f5es do site da Prefeitura de Juiz [&hellip;]<\/p>\n","protected":false},"author":246,"featured_media":185726,"comment_status":"closed","ping_status":"closed","sticky":false,"template":"","format":"standard","meta":{"footnotes":""},"categories":[253,439],"tags":[],"class_list":["post-185717","post","type-post","status-publish","format-standard","has-post-thumbnail","hentry","category-cidade","category-ultima-hora"],"_links":{"self":[{"href":"https:\/\/diarioregionaldigital.com.br\/index.php?rest_route=\/wp\/v2\/posts\/185717","targetHints":{"allow":["GET"]}}],"collection":[{"href":"https:\/\/diarioregionaldigital.com.br\/index.php?rest_route=\/wp\/v2\/posts"}],"about":[{"href":"https:\/\/diarioregionaldigital.com.br\/index.php?rest_route=\/wp\/v2\/types\/post"}],"author":[{"embeddable":true,"href":"https:\/\/diarioregionaldigital.com.br\/index.php?rest_route=\/wp\/v2\/users\/246"}],"replies":[{"embeddable":true,"href":"https:\/\/diarioregionaldigital.com.br\/index.php?rest_route=%2Fwp%2Fv2%2Fcomments&post=185717"}],"version-history":[{"count":1,"href":"https:\/\/diarioregionaldigital.com.br\/index.php?rest_route=\/wp\/v2\/posts\/185717\/revisions"}],"predecessor-version":[{"id":185719,"href":"https:\/\/diarioregionaldigital.com.br\/index.php?rest_route=\/wp\/v2\/posts\/185717\/revisions\/185719"}],"wp:featuredmedia":[{"embeddable":true,"href":"https:\/\/diarioregionaldigital.com.br\/index.php?rest_route=\/wp\/v2\/media\/185726"}],"wp:attachment":[{"href":"https:\/\/diarioregionaldigital.com.br\/index.php?rest_route=%2Fwp%2Fv2%2Fmedia&parent=185717"}],"wp:term":[{"taxonomy":"category","embeddable":true,"href":"https:\/\/diarioregionaldigital.com.br\/index.php?rest_route=%2Fwp%2Fv2%2Fcategories&post=185717"},{"taxonomy":"post_tag","embeddable":true,"href":"https:\/\/diarioregionaldigital.com.br\/index.php?rest_route=%2Fwp%2Fv2%2Ftags&post=185717"}],"curies":[{"name":"wp","href":"https:\/\/api.w.org\/{rel}","templated":true}]}}