{"id":185708,"date":"2021-07-21T18:50:22","date_gmt":"2021-07-21T21:50:22","guid":{"rendered":"https:\/\/diarioregionaldigital.com.br\/?p=185708"},"modified":"2021-07-21T18:50:22","modified_gmt":"2021-07-21T21:50:22","slug":"jogos-de-toquio-comecam-com-protocolos-rigidos-e-medo-da-pandemia","status":"publish","type":"post","link":"https:\/\/diarioregionaldigital.com.br\/?p=185708","title":{"rendered":"Jogos de T\u00f3quio come\u00e7am com protocolos r\u00edgidos e medo da pandemia"},"content":{"rendered":"<p>N\u00e3o \u00e9 a primeira vez que T\u00f3quio teve que lidar com incertezas quanto \u00e0 realiza\u00e7\u00e3o da Olimp\u00edada. A edi\u00e7\u00e3o que deveria ser realizada\u00a0no pa\u00eds em 1940 foi transferida para Helsinque, na Finl\u00e2ndia, por conta de guerra e instabilidade pol\u00edtica\u00a0<strong><a href=\"https:\/\/agenciabrasil.ebc.com.br\/esportes\/noticia\/2021-07\/jogos-de-toquio-comecam-com-protocolos-rigidos-e-medo-da-pandemia#leiamais\">(leia mais)<\/a><\/strong>. Oitenta anos depois, em 2020, a pandemia de covid-19 trouxe um novo clima de inseguran\u00e7a e medo, com a doen\u00e7a tomando conta do mundo e amea\u00e7ando a realiza\u00e7\u00e3o da competi\u00e7\u00e3o.<img decoding=\"async\" src=\"https:\/\/agenciabrasil.ebc.com.br\/ebc.png?id=1415943&amp;o=node\" \/><img decoding=\"async\" src=\"https:\/\/agenciabrasil.ebc.com.br\/ebc.gif?id=1415943&amp;o=node\" \/><\/p>\n<p>Ap\u00f3s muita press\u00e3o, em mar\u00e7o de 2020, logo ap\u00f3s<a href=\"https:\/\/agenciabrasil.ebc.com.br\/geral\/noticia\/2020-03\/organizacao-mundial-da-saude-declara-pandemia-de-coronavirus\" target=\"_blank\" rel=\"noopener\">\u00a0a declara\u00e7\u00e3o da Organiza\u00e7\u00e3o Mundial da\u00a0Sa\u00fade (OMS) elevando o estado de contamina\u00e7\u00e3o pelo novo coronav\u00edrus como pandemia<\/a>, o Comit\u00ea Ol\u00edmpico Internacional (COI) anunciou\u00a0<a href=\"https:\/\/agenciabrasil.ebc.com.br\/esportes\/noticia\/2020-03\/jogos-olimpicos-e-paralimpicos-de-toquio-sao-adiados%C2%A0\" target=\"_blank\" rel=\"noopener\">o adiamento da 32\u00aa edi\u00e7\u00e3o do evento para\u00a02021<\/a>.<\/p>\n<p>Depois de mais de um ano, a covid-19 continua a matar milhares de pessoas por dia, as vacinas s\u00e3o escassas &#8211; principalmente nos pa\u00edses mais pobres \u2013\u00a0<a href=\"https:\/\/agenciabrasil.ebc.com.br\/esportes\/noticia\/2021-04\/mais-de-70-dos-japoneses-querem-jogos-de-toquio-cancelados-ou-adiados\" target=\"_blank\" rel=\"noopener\">e a maioria dos japoneses \u00e9 contra a realiza\u00e7\u00e3o enquanto a pandemia perdurar<\/a>, mas os Jogos Ol\u00edmpicos foram confirmados e v\u00e3o ocorrer com protocolos e medidas duras de seguran\u00e7a a partir desta quarta-feira (21), com a cerim\u00f4nia de abertura na sexta (23). A chama ol\u00edmpica, que chegou ao pa\u00eds no dia 20 de mar\u00e7o de 2020, permaneceu no Jap\u00e3o durante todo o ano. O revezamento da tocha foi adaptado \u00e0s exig\u00eancias sanit\u00e1rias e\u00a0<a href=\"http:\/\/agenciabrasil.ebc.com.br\/esportes\/noticia\/2021-03\/revezamento-da-tocha-olimpica-comeca-sob-sombra-da-pandemia\" target=\"_blank\" rel=\"noopener\">retomado em 25 de mar\u00e7o de 2021<\/a>, culminando no acendimento da pira durante a abertura oficial.<\/p>\n<p>Apesar de ser em 2021, o nome oficial dos Jogos continuou como T\u00f3quio 2020, j\u00e1 que cada ciclo ol\u00edmpico, que s\u00e3o as Olimp\u00edadas, dura quatro anos. Mesmo suspenso pela pandemia, a competi\u00e7\u00e3o representa o fim do ciclo ol\u00edmpico que resultou no 32\u00ba Jogos Ol\u00edmpicos de ver\u00e3o, subsequente ao Rio 2016. Tamb\u00e9m pesa o lado comercial, uma vez que n\u00e3o seria vi\u00e1vel lan\u00e7ar outra marca, que j\u00e1 era licenciada para venda de produtos e afins.<\/p>\n<p>De acordo com o presidente do COI, Thomas Bach, h\u00e1 simbolismo na manuten\u00e7\u00e3o do nome, como uma \u201ccelebra\u00e7\u00e3o da humanidade, que superou esse desafio sem precedentes do coronav\u00edrus\u201d: \u201cCom essa decis\u00e3o, estamos demonstrando nosso compromisso com os Jogos Ol\u00edmpicos de T\u00f3quio 2020 e com o sucesso do evento, e tamb\u00e9m nossa gratid\u00e3o ao povo japon\u00eas, ao Comit\u00ea Organizador, \u00e0s autoridades governamentais e a todos que prepararam esses Jogos Ol\u00edmpicos t\u00e3o bem\u201d, afirmou,\u00a0<a href=\"https:\/\/agenciabrasil.ebc.com.br\/esportes\/noticia\/2020-03\/presidente-do-coi-diz-que-adiamento-de-jogos-de-toquio-foi-inevitavel%C2%A0\" target=\"_blank\" rel=\"noopener\">em entrevista<\/a>.<\/p>\n<p>A medida mais r\u00edgida \u00e9 a\u00a0<a href=\"https:\/\/agenciabrasil.ebc.com.br\/esportes\/noticia\/2021-07\/olimpiada-nao-tera-publico-apos-toquio-declarar-estado-de-emergencia\" target=\"_blank\" rel=\"noopener\">aus\u00eancia do p\u00fablico<\/a>. Apenas atletas, comiss\u00e3o t\u00e9cnica e equipe organizadora estar\u00e3o nas arenas e instala\u00e7\u00f5es de competi\u00e7\u00e3o. A organiza\u00e7\u00e3o ainda planejou que os atletas sejam submetidos a testagem constante, restri\u00e7\u00e3o de deslocamento pela cidade, necessidade de distanciamento social e utiliza\u00e7\u00e3o obrigat\u00f3ria de m\u00e1scaras \u2013 com exce\u00e7\u00e3o durante as competi\u00e7\u00f5es.<\/p>\n<p>O t\u00e9cnico da sele\u00e7\u00e3o masculina de v\u00f4lei, Renan Dal Zotto, em coletiva no Jap\u00e3o, disse que \u201cos protocolos est\u00e3o bastante r\u00edgidos, o que impediu at\u00e9 a realiza\u00e7\u00e3o de jogos amistosos para prepara\u00e7\u00e3o\u201d. Renan ficou internado no Brasil durante 40 dias em consequ\u00eancia da covid-19, mas conseguiu se recuperar a tempo dos Jogos de T\u00f3quio.<\/p>\n<p><strong>Monitoramento<\/strong><\/p>\n<p>At\u00e9 o p\u00f3dio ser\u00e1 diferente. N\u00e3o haver\u00e1 mais a tradicional entrega de medalhas aos vencedores. Os pr\u00f3prios atletas ter\u00e3o que pegar as medalhas e colocar no peito.\u00a0<a href=\"https:\/\/agenciabrasil.ebc.com.br\/radioagencia-nacional\/esportes\/audio\/2021-07\/atletas-que-testarem-positivo-nas-eliminatorias-serao-desclassificados\" target=\"_blank\" rel=\"noopener\">Se algu\u00e9m tiver um teste confirmado para a covid-19, ser\u00e1 isolado e n\u00e3o poder\u00e1 competir<\/a>. O n\u00e3o cumprimento dos protocolos poder\u00e1 levar \u00e0 exclus\u00e3o dos Jogos Ol\u00edmpicos e at\u00e9 a deporta\u00e7\u00e3o do Jap\u00e3o.<\/p>\n<p>Nem mesmo a imin\u00eancia da cerim\u00f4nia de abertura e as primeiras partidas disputadas no beisebol\/softbol e futebol afastam totalmente o risco de um cancelamento de \u00faltima hora. \u00c9 o que assegurou o chefe do comit\u00ea organizador dos Jogos, Toshiro Muto.\u00a0<a href=\"https:\/\/agenciabrasil.ebc.com.br\/esportes\/noticia\/2021-07\/chefe-da-toquio-2020-nao-descarta-cancelamento-de-ultima-hora\" target=\"_blank\" rel=\"noopener\">Em entrevista coletiva concedida nesta ter\u00e7a (20)<\/a>, ele afirmou que a organiza\u00e7\u00e3o est\u00e1 atenta ao n\u00famero de infec\u00e7\u00f5es pelo novo coronav\u00edrus e segue mantendo discuss\u00f5es.\u00a0O governo japon\u00eas ainda ampliou a<a href=\"https:\/\/agenciabrasil.ebc.com.br\/esportes\/noticia\/2021-07\/toquio-inicia-estado-de-emergencia-na-iminencia-da-olimpiada\" target=\"_blank\" rel=\"noopener\">\u00a0fase de emerg\u00eancia da pandemia at\u00e9 o dia 22 de agosto<\/a>\u00a0para evitar a prolifera\u00e7\u00e3o da covid-19, com amplia\u00e7\u00e3o das proibi\u00e7\u00f5es de circula\u00e7\u00e3o e funcionamento de atividades comerciais na capital.<\/p>\n<p>No\u00a0<em>site<\/em>\u00a0oficial dos Jogos, os organizadores disponibilizam uma\u00a0<a href=\"https:\/\/olympics.com\/tokyo-2020\/en\/notices\/covid-19-positive-case-list\" target=\"_blank\" rel=\"noopener\">rela\u00e7\u00e3o diariamente atualizada<\/a>\u00a0de casos confirmados de covid-19 entre credenciados (atletas, membros de delega\u00e7\u00f5es e entidades esportivas, imprensa, funcion\u00e1rios, prestadores de servi\u00e7os e volunt\u00e1rios). A contagem foi inaugurada no dia 1\u00ba de julho e, at\u00e9 o dia 21, somavam-se 75 positivos\u00a0\u2013 sendo seis atletas.<\/p>\n<p>Mesmo com a cidade passando por uma onda de contamina\u00e7\u00f5es pela covid-19,\u00a0Bach afirmou que<a href=\"https:\/\/agenciabrasil.ebc.com.br\/esportes\/noticia\/2021-07\/risco-de-covid-19-na-olimpiada-e-zero-diz-presidente-do-coi\" target=\"_blank\" rel=\"noopener\">\u00a0\u201co risco para outros moradores da Vila Ol\u00edmpica e o risco para o povo japon\u00eas \u00e9 zero&#8221;<\/a>.<\/p>\n<p>O m\u00e9dico Julival Ribeiro, membro da Sociedade Brasileira de Infectologia, afirma que a maior preocupa\u00e7\u00e3o \u00e9 com a variante delta do novo coronav\u00edrus, que surgiu na \u00cdndia e j\u00e1 est\u00e1 presente no Brasil. \u201cA Olimp\u00edada \u00e9 importante, mas n\u00e3o houve um consenso mundial de que ela poderia ter sido realizada, porque a pandemia ainda est\u00e1 ativa. N\u00f3s temos v\u00e1rias variantes &#8211; inclusive a Delta, que \u00e9 altamente transmiss\u00edvel, sobretudo em aglomera\u00e7\u00f5es\u201d, disse. O infectologista espera que as medidas adotadas pelo governo japon\u00eas sejam eficazes, mas que n\u00e3o existe 100% de garantia que as pessoas n\u00e3o ser\u00e3o contaminadas.<\/p>\n<p><a id=\"leiamais\" name=\"leiamais\"><\/a><strong>Hist\u00f3ria<\/strong><\/p>\n<p>T\u00f3quio viveu um clima parecido com o da\u00a0d\u00e9cada de 1930: em setembro de 1940, a cidade receberia a Olimp\u00edada. Mas, em 1938, o Comit\u00ea Ol\u00edmpico Japon\u00eas renunciou \u00e0 organiza\u00e7\u00e3o dos Jogos. A invas\u00e3o \u00e0 China, no que ficou conhecida como Segunda Guerra Sino-Japonesa, e as amea\u00e7as de boicote inviabilizaram os Jogos em solo japon\u00eas e fizeram com que o COI levasse a competi\u00e7\u00e3o para a Finl\u00e2ndia \u2013 em edi\u00e7\u00e3o que n\u00e3o aconteceu, desta vez em decorr\u00eancia da Segunda Guerra Mundial.<\/p>\n<p>Durante a guerra mundial, o Jap\u00e3o compunha o Eixo, com Alemanha e It\u00e1lia, que seria derrotado pelos aliados em 1945. A trag\u00e9dia da guerra deixou ao imp\u00e9rio japon\u00eas as consequ\u00eancias da explos\u00e3o de duas bombas at\u00f4micas em seu territ\u00f3rio, lan\u00e7adas pelos Estados Unidos. No seu processo de reconstru\u00e7\u00e3o em um novo cen\u00e1rio mundial, a capital japonesa recebeu a 18\u00aa Olimp\u00edada em 1964. Foi ent\u00e3o a primeira vez que a competi\u00e7\u00e3o ocorreu em um pa\u00eds asi\u00e1tico.<\/p>\n<p>Em 1964, a sele\u00e7\u00e3o masculina de basquete conquistou sua terceira medalha ol\u00edmpica de bronze (j\u00e1 tinha ficado em terceiro lugar em Londres 1948 e Roma 1960). Foi a \u00fanica medalha que a delega\u00e7\u00e3o brasileira faturou naquela edi\u00e7\u00e3o. Mas h\u00e1 feitos que entraram para a hist\u00f3ria mesmo sem a condecora\u00e7\u00e3o: A\u00edda dos Santos, \u00fanica mulher entre os 68 brasileiros que competiram, conquistou, praticamente sem apoio, o quarto lugar no salto em altura.<\/p>\n<p>Neste ano, nenhuma mulher brasileira conseguiu vaga para o salto em altura. Mas o Brasil vai contar com Eliane Martins, no salto em dist\u00e2ncia, e N\u00fabia Soares, no salto triplo, para as provas do atletismo, que ser\u00e3o disputadas no Est\u00e1dio Ol\u00edmpico. J\u00e1 as equipes de basquete masculino e feminino brasileiro ficaram de fora dos Jogos de 2020.<\/p>\n<p><span style=\"font-weight: 400;\">Fonte:\u00a0 Ag\u00eancia Brasil <\/span><\/p>\n","protected":false},"excerpt":{"rendered":"<p>N\u00e3o \u00e9 a primeira vez que T\u00f3quio teve que lidar com incertezas quanto \u00e0 realiza\u00e7\u00e3o da Olimp\u00edada. A edi\u00e7\u00e3o que deveria ser realizada\u00a0no pa\u00eds em 1940 foi transferida para Helsinque, na Finl\u00e2ndia, por conta de guerra e instabilidade pol\u00edtica\u00a0(leia mais). Oitenta anos depois, em 2020, a pandemia de covid-19 trouxe um novo clima de inseguran\u00e7a [&hellip;]<\/p>\n","protected":false},"author":246,"featured_media":185709,"comment_status":"closed","ping_status":"closed","sticky":false,"template":"","format":"standard","meta":{"footnotes":""},"categories":[436,257,439],"tags":[],"class_list":["post-185708","post","type-post","status-publish","format-standard","has-post-thumbnail","hentry","category-destaque-da-semana","category-esporte","category-ultima-hora"],"_links":{"self":[{"href":"https:\/\/diarioregionaldigital.com.br\/index.php?rest_route=\/wp\/v2\/posts\/185708","targetHints":{"allow":["GET"]}}],"collection":[{"href":"https:\/\/diarioregionaldigital.com.br\/index.php?rest_route=\/wp\/v2\/posts"}],"about":[{"href":"https:\/\/diarioregionaldigital.com.br\/index.php?rest_route=\/wp\/v2\/types\/post"}],"author":[{"embeddable":true,"href":"https:\/\/diarioregionaldigital.com.br\/index.php?rest_route=\/wp\/v2\/users\/246"}],"replies":[{"embeddable":true,"href":"https:\/\/diarioregionaldigital.com.br\/index.php?rest_route=%2Fwp%2Fv2%2Fcomments&post=185708"}],"version-history":[{"count":1,"href":"https:\/\/diarioregionaldigital.com.br\/index.php?rest_route=\/wp\/v2\/posts\/185708\/revisions"}],"predecessor-version":[{"id":185710,"href":"https:\/\/diarioregionaldigital.com.br\/index.php?rest_route=\/wp\/v2\/posts\/185708\/revisions\/185710"}],"wp:featuredmedia":[{"embeddable":true,"href":"https:\/\/diarioregionaldigital.com.br\/index.php?rest_route=\/wp\/v2\/media\/185709"}],"wp:attachment":[{"href":"https:\/\/diarioregionaldigital.com.br\/index.php?rest_route=%2Fwp%2Fv2%2Fmedia&parent=185708"}],"wp:term":[{"taxonomy":"category","embeddable":true,"href":"https:\/\/diarioregionaldigital.com.br\/index.php?rest_route=%2Fwp%2Fv2%2Fcategories&post=185708"},{"taxonomy":"post_tag","embeddable":true,"href":"https:\/\/diarioregionaldigital.com.br\/index.php?rest_route=%2Fwp%2Fv2%2Ftags&post=185708"}],"curies":[{"name":"wp","href":"https:\/\/api.w.org\/{rel}","templated":true}]}}