{"id":185705,"date":"2021-07-21T18:47:27","date_gmt":"2021-07-21T21:47:27","guid":{"rendered":"https:\/\/diarioregionaldigital.com.br\/?p=185705"},"modified":"2021-07-21T18:47:27","modified_gmt":"2021-07-21T21:47:27","slug":"apendicite-tira-tenista-bruno-soares-da-olimpiada-de-toquio","status":"publish","type":"post","link":"https:\/\/diarioregionaldigital.com.br\/?p=185705","title":{"rendered":"Apendicite tira tenista Bruno Soares da Olimp\u00edada de T\u00f3quio"},"content":{"rendered":"<p>O tenista mineiro Bruno Soares foi diagnosticado com apendicite e n\u00e3o vai mais disputar a Olimp\u00edada de T\u00f3quio (Jap\u00e3o). Ele foi cortado da delega\u00e7\u00e3o brasileira\u00a0 na madrugada desta quarta-feira (21), ap\u00f3s o diagn\u00f3stico e confirma\u00e7\u00e3o da necessidade de o atleta passar por uma cirurgia ainda hoje (21). Bruno jogaria ao lado do conterr\u00e2neo Marcelo Melo na chave de duplas. Com o incidente, o novo parceiro de Melo ser\u00e1 o ga\u00facho Demoliner.\u00a0<img decoding=\"async\" src=\"https:\/\/agenciabrasil.ebc.com.br\/ebc.png?id=1415921&amp;o=node\" \/><img decoding=\"async\" src=\"https:\/\/agenciabrasil.ebc.com.br\/ebc.gif?id=1415921&amp;o=node\" \/><\/p>\n<p>Bruno Soares, de 39 anos, passou mal durante o voo de ida para o Jap\u00e3o, na \u00faltima segunda (19). Ap\u00f3s o desembarque, foi levado para a Policl\u00ednica da Vila Ol\u00edmpica, e depois encaminhado para um hospital exclusivo a participantes dos\u00a0 Jogos, onde recebeu o diagn\u00f3stico de apendicite e a indica\u00e7\u00e3o de procedimento cir\u00fargico, inviabilizando a participa\u00e7\u00e3o do atleta\u00a0em T\u00f3quio 2020.<\/p>\n<p>Ap\u00f3s solicita\u00e7\u00e3o do Comit\u00ea Ol\u00edmpico do Brasli\u00a0(COB), o Comit\u00ea Organizador do Jogos autorizou a altera\u00e7\u00e3o da inscri\u00e7\u00e3o dos brasileiros na chave de duplas. Demoliner que jogaria ao lado de Thiago Monteiro, ser\u00e1 o novo parceiro de Marcelo Melo. J\u00e1 Thiago Monteiro seguir\u00e1 apenas no torneio de simples, assim como Jo\u00e3o Menezes.<\/p>\n<p>De acordo com o COB, se houver desist\u00eancia de duplas inscritas em T\u00f3quio 2020, os brasileiros Thiago Monteiro e Jo\u00e3o Menezes poder\u00e3o formar uma nova dupla. No feminino, o Brasil conta ainda com a parceria de Luisa Stefani e Laura Pigossi.<\/p>\n<p>As partidas de t\u00eanis est\u00e3o programadas para come\u00e7ar em 24 de julho, no Ariake Tennis Park, na capital japonesa.<\/p>\n<p><span style=\"font-weight: 400;\">Fonte:\u00a0 Ag\u00eancia Brasil <\/span><\/p>\n","protected":false},"excerpt":{"rendered":"<p>O tenista mineiro Bruno Soares foi diagnosticado com apendicite e n\u00e3o vai mais disputar a Olimp\u00edada de T\u00f3quio (Jap\u00e3o). Ele foi cortado da delega\u00e7\u00e3o brasileira\u00a0 na madrugada desta quarta-feira (21), ap\u00f3s o diagn\u00f3stico e confirma\u00e7\u00e3o da necessidade de o atleta passar por uma cirurgia ainda hoje (21). Bruno jogaria ao lado do conterr\u00e2neo Marcelo Melo [&hellip;]<\/p>\n","protected":false},"author":246,"featured_media":185706,"comment_status":"closed","ping_status":"closed","sticky":false,"template":"","format":"standard","meta":{"footnotes":""},"categories":[436,257,439],"tags":[],"class_list":["post-185705","post","type-post","status-publish","format-standard","has-post-thumbnail","hentry","category-destaque-da-semana","category-esporte","category-ultima-hora"],"_links":{"self":[{"href":"https:\/\/diarioregionaldigital.com.br\/index.php?rest_route=\/wp\/v2\/posts\/185705","targetHints":{"allow":["GET"]}}],"collection":[{"href":"https:\/\/diarioregionaldigital.com.br\/index.php?rest_route=\/wp\/v2\/posts"}],"about":[{"href":"https:\/\/diarioregionaldigital.com.br\/index.php?rest_route=\/wp\/v2\/types\/post"}],"author":[{"embeddable":true,"href":"https:\/\/diarioregionaldigital.com.br\/index.php?rest_route=\/wp\/v2\/users\/246"}],"replies":[{"embeddable":true,"href":"https:\/\/diarioregionaldigital.com.br\/index.php?rest_route=%2Fwp%2Fv2%2Fcomments&post=185705"}],"version-history":[{"count":1,"href":"https:\/\/diarioregionaldigital.com.br\/index.php?rest_route=\/wp\/v2\/posts\/185705\/revisions"}],"predecessor-version":[{"id":185707,"href":"https:\/\/diarioregionaldigital.com.br\/index.php?rest_route=\/wp\/v2\/posts\/185705\/revisions\/185707"}],"wp:featuredmedia":[{"embeddable":true,"href":"https:\/\/diarioregionaldigital.com.br\/index.php?rest_route=\/wp\/v2\/media\/185706"}],"wp:attachment":[{"href":"https:\/\/diarioregionaldigital.com.br\/index.php?rest_route=%2Fwp%2Fv2%2Fmedia&parent=185705"}],"wp:term":[{"taxonomy":"category","embeddable":true,"href":"https:\/\/diarioregionaldigital.com.br\/index.php?rest_route=%2Fwp%2Fv2%2Fcategories&post=185705"},{"taxonomy":"post_tag","embeddable":true,"href":"https:\/\/diarioregionaldigital.com.br\/index.php?rest_route=%2Fwp%2Fv2%2Ftags&post=185705"}],"curies":[{"name":"wp","href":"https:\/\/api.w.org\/{rel}","templated":true}]}}