{"id":185699,"date":"2021-07-21T18:37:00","date_gmt":"2021-07-21T21:37:00","guid":{"rendered":"https:\/\/diarioregionaldigital.com.br\/?p=185699"},"modified":"2021-07-21T18:37:00","modified_gmt":"2021-07-21T21:37:00","slug":"bolsonaro-reafirma-que-vetara-fundo-eleitoral-de-2022","status":"publish","type":"post","link":"https:\/\/diarioregionaldigital.com.br\/?p=185699","title":{"rendered":"Bolsonaro reafirma que vetar\u00e1 fundo eleitoral de 2022"},"content":{"rendered":"<p>O presidente Jair Bolsonaro reafirmou na noite desta\u00a0ter\u00e7a-feira (20) que<a href=\"https:\/\/agenciabrasil.ebc.com.br\/politica\/noticia\/2021-07\/ldo-de-2022-preve-aumento-do-fundo-eleitoral-para-quase-r-6-bilhoes\" target=\"_blank\" rel=\"noopener\">\u00a0vetar\u00e1 o fundo eleitoral de R$ 5,7 bilh\u00f5es aprovado pelo Congresso Nacional na semana passada<\/a>, no Projeto de Lei de Diretrizes Or\u00e7ament\u00e1ria (LDO) de 2022.<img decoding=\"async\" src=\"https:\/\/agenciabrasil.ebc.com.br\/ebc.png?id=1415903&amp;o=node\" \/><img decoding=\"async\" src=\"https:\/\/agenciabrasil.ebc.com.br\/ebc.gif?id=1415903&amp;o=node\" \/><\/p>\n<p>&#8220;Defendemos, acima de tudo, a harmonia entre os Poderes, bem como a sua autonomia. \u00c9 partindo deste princ\u00edpio que jogamos, desde o in\u00edcio, dentro das quatro linhas da Constitui\u00e7\u00e3o Federal. Dito isso, em respeito ao povo brasileiro, vetarei o aumento do fund\u00e3o eleitoral&#8221;, escreveu o presidente em postagem na sua conta de Twitter.<\/p>\n<p>Ontem\u00a0(19), em\u00a0<a href=\"https:\/\/agenciabrasil.ebc.com.br\/geral\/noticia\/2021-07\/presidente-diz-que-deve-vetar-dinheiro-para-o-fundo-eleitoral\" target=\"_blank\" rel=\"noopener\">entrevista exclusiva para a R\u00e1dio Nacional,<\/a>\u00a0ve\u00edculo da Empresa Brasil de Comunica\u00e7\u00e3o (EBC), o presidente j\u00e1 havia sinalizado a inten\u00e7\u00e3o de vetar o valor aprovado pelos parlamentares. \u201cA tend\u00eancia nossa \u00e9 n\u00e3o sancionar isso da\u00ed em respeito aos trabalhadores, ao contribuinte brasileiro\u201d, disse o presidente. Ele defendeu que o recurso\u00a0poderia ser melhor aplicado na constru\u00e7\u00e3o de pontes e constru\u00e7\u00e3o de malha rodovi\u00e1ria, por exemplo.<\/p>\n<p>O fundo de financiamento de campanha foi criado ap\u00f3s a proibi\u00e7\u00e3o do financiamento privado, em 2015, pelo Supremo Tribunal Federal (STF), sob o argumento de que as grandes doa\u00e7\u00f5es empresariais desequilibram a disputa eleitoral. Nas elei\u00e7\u00f5es de 2018, o valor reservado para as candidaturas foi R$ 2 bilh\u00f5es. O veto presidencial, se confirmado, precisar\u00e1 ser analisado pelos congressistas, que podem derrub\u00e1-lo.<br \/>\n<span style=\"font-weight: 400;\"><br \/>\nFonte: Ag\u00eancia Brasil <\/span><\/p>\n","protected":false},"excerpt":{"rendered":"<p>O presidente Jair Bolsonaro reafirmou na noite desta\u00a0ter\u00e7a-feira (20) que\u00a0vetar\u00e1 o fundo eleitoral de R$ 5,7 bilh\u00f5es aprovado pelo Congresso Nacional na semana passada, no Projeto de Lei de Diretrizes Or\u00e7ament\u00e1ria (LDO) de 2022. &#8220;Defendemos, acima de tudo, a harmonia entre os Poderes, bem como a sua autonomia. \u00c9 partindo deste princ\u00edpio que jogamos, desde [&hellip;]<\/p>\n","protected":false},"author":246,"featured_media":185700,"comment_status":"closed","ping_status":"closed","sticky":false,"template":"","format":"standard","meta":{"footnotes":""},"categories":[436,254,439],"tags":[],"class_list":["post-185699","post","type-post","status-publish","format-standard","has-post-thumbnail","hentry","category-destaque-da-semana","category-politica","category-ultima-hora"],"_links":{"self":[{"href":"https:\/\/diarioregionaldigital.com.br\/index.php?rest_route=\/wp\/v2\/posts\/185699","targetHints":{"allow":["GET"]}}],"collection":[{"href":"https:\/\/diarioregionaldigital.com.br\/index.php?rest_route=\/wp\/v2\/posts"}],"about":[{"href":"https:\/\/diarioregionaldigital.com.br\/index.php?rest_route=\/wp\/v2\/types\/post"}],"author":[{"embeddable":true,"href":"https:\/\/diarioregionaldigital.com.br\/index.php?rest_route=\/wp\/v2\/users\/246"}],"replies":[{"embeddable":true,"href":"https:\/\/diarioregionaldigital.com.br\/index.php?rest_route=%2Fwp%2Fv2%2Fcomments&post=185699"}],"version-history":[{"count":1,"href":"https:\/\/diarioregionaldigital.com.br\/index.php?rest_route=\/wp\/v2\/posts\/185699\/revisions"}],"predecessor-version":[{"id":185701,"href":"https:\/\/diarioregionaldigital.com.br\/index.php?rest_route=\/wp\/v2\/posts\/185699\/revisions\/185701"}],"wp:featuredmedia":[{"embeddable":true,"href":"https:\/\/diarioregionaldigital.com.br\/index.php?rest_route=\/wp\/v2\/media\/185700"}],"wp:attachment":[{"href":"https:\/\/diarioregionaldigital.com.br\/index.php?rest_route=%2Fwp%2Fv2%2Fmedia&parent=185699"}],"wp:term":[{"taxonomy":"category","embeddable":true,"href":"https:\/\/diarioregionaldigital.com.br\/index.php?rest_route=%2Fwp%2Fv2%2Fcategories&post=185699"},{"taxonomy":"post_tag","embeddable":true,"href":"https:\/\/diarioregionaldigital.com.br\/index.php?rest_route=%2Fwp%2Fv2%2Ftags&post=185699"}],"curies":[{"name":"wp","href":"https:\/\/api.w.org\/{rel}","templated":true}]}}