{"id":185696,"date":"2021-07-21T18:34:27","date_gmt":"2021-07-21T21:34:27","guid":{"rendered":"https:\/\/diarioregionaldigital.com.br\/?p=185696"},"modified":"2021-07-21T18:34:27","modified_gmt":"2021-07-21T21:34:27","slug":"presidente-bolsonaro-indica-aras-para-novo-mandato-na-pgr","status":"publish","type":"post","link":"https:\/\/diarioregionaldigital.com.br\/?p=185696","title":{"rendered":"Presidente Bolsonaro indica Aras para novo mandato na PGR"},"content":{"rendered":"<p>O presidente Jair Bolsonaro anunciou nesta ter\u00e7a-feira (20) que indicou o atual procurador-geral da Rep\u00fablica, Augusto Aras, para um novo mandato de dois anos \u00e0 frente do \u00f3rg\u00e3o. Indicado pelo pr\u00f3prio Bolsonaro em 2019, Aras terminar\u00e1 o mandato em setembro.\u00a0<img decoding=\"async\" src=\"https:\/\/agenciabrasil.ebc.com.br\/ebc.png?id=1415884&amp;o=node\" \/><img decoding=\"async\" src=\"https:\/\/agenciabrasil.ebc.com.br\/ebc.gif?id=1415884&amp;o=node\" \/><\/p>\n<p>Em comunicado oficial, Augusto Aras disse se sentir honrado com a recondu\u00e7\u00e3o pelo presidente.\u00a0\u201cHonrado com a recondu\u00e7\u00e3o para o cargo de procurador-geral da Rep\u00fablica, reafirmo meu compromisso de bem e fielmente cumprir a Constitui\u00e7\u00e3o e as Leis do Pa\u00eds\u201d.<\/p>\n<p>Aras ainda precisa ser novamente sabatinado pela Comiss\u00e3o de Constitui\u00e7\u00e3o e Justi\u00e7a (CCJ) do Senado e, se aprovado, a recondu\u00e7\u00e3o ainda dever\u00e1 ser votada pelo plen\u00e1rio, por maioria simples. Se confirmado para um novo mandato, ele ficar\u00e1 no cargo at\u00e9 2023.<\/p>\n<p>Com a indica\u00e7\u00e3o de Aras, Bolsonaro deixou de lado a lista tr\u00edplice apresentada por representantes do Minist\u00e9rio P\u00fablico Federal (MPF) em elei\u00e7\u00e3o interna. Os indicados eram os subprocuradores Luiza Frischeisen, Mario Bonsaglia e Nicolao Dino. A lista do MPF n\u00e3o tem for\u00e7a legal e n\u00e3o precisa ser seguida pelo presidente da Rep\u00fablica na indica\u00e7\u00e3o, mas era uma pr\u00e1tica que vinha sendo adotada pelos antecessores de Bolsonaro.<\/p>\n<p><span style=\"font-weight: 400;\">Fonte: Ag\u00eancia Brasil <\/span><\/p>\n","protected":false},"excerpt":{"rendered":"<p>O presidente Jair Bolsonaro anunciou nesta ter\u00e7a-feira (20) que indicou o atual procurador-geral da Rep\u00fablica, Augusto Aras, para um novo mandato de dois anos \u00e0 frente do \u00f3rg\u00e3o. Indicado pelo pr\u00f3prio Bolsonaro em 2019, Aras terminar\u00e1 o mandato em setembro.\u00a0 Em comunicado oficial, Augusto Aras disse se sentir honrado com a recondu\u00e7\u00e3o pelo presidente.\u00a0\u201cHonrado com [&hellip;]<\/p>\n","protected":false},"author":246,"featured_media":185697,"comment_status":"closed","ping_status":"closed","sticky":false,"template":"","format":"standard","meta":{"footnotes":""},"categories":[436,254,439],"tags":[],"class_list":["post-185696","post","type-post","status-publish","format-standard","has-post-thumbnail","hentry","category-destaque-da-semana","category-politica","category-ultima-hora"],"_links":{"self":[{"href":"https:\/\/diarioregionaldigital.com.br\/index.php?rest_route=\/wp\/v2\/posts\/185696","targetHints":{"allow":["GET"]}}],"collection":[{"href":"https:\/\/diarioregionaldigital.com.br\/index.php?rest_route=\/wp\/v2\/posts"}],"about":[{"href":"https:\/\/diarioregionaldigital.com.br\/index.php?rest_route=\/wp\/v2\/types\/post"}],"author":[{"embeddable":true,"href":"https:\/\/diarioregionaldigital.com.br\/index.php?rest_route=\/wp\/v2\/users\/246"}],"replies":[{"embeddable":true,"href":"https:\/\/diarioregionaldigital.com.br\/index.php?rest_route=%2Fwp%2Fv2%2Fcomments&post=185696"}],"version-history":[{"count":1,"href":"https:\/\/diarioregionaldigital.com.br\/index.php?rest_route=\/wp\/v2\/posts\/185696\/revisions"}],"predecessor-version":[{"id":185698,"href":"https:\/\/diarioregionaldigital.com.br\/index.php?rest_route=\/wp\/v2\/posts\/185696\/revisions\/185698"}],"wp:featuredmedia":[{"embeddable":true,"href":"https:\/\/diarioregionaldigital.com.br\/index.php?rest_route=\/wp\/v2\/media\/185697"}],"wp:attachment":[{"href":"https:\/\/diarioregionaldigital.com.br\/index.php?rest_route=%2Fwp%2Fv2%2Fmedia&parent=185696"}],"wp:term":[{"taxonomy":"category","embeddable":true,"href":"https:\/\/diarioregionaldigital.com.br\/index.php?rest_route=%2Fwp%2Fv2%2Fcategories&post=185696"},{"taxonomy":"post_tag","embeddable":true,"href":"https:\/\/diarioregionaldigital.com.br\/index.php?rest_route=%2Fwp%2Fv2%2Ftags&post=185696"}],"curies":[{"name":"wp","href":"https:\/\/api.w.org\/{rel}","templated":true}]}}