{"id":185687,"date":"2021-07-21T18:21:59","date_gmt":"2021-07-21T21:21:59","guid":{"rendered":"https:\/\/diarioregionaldigital.com.br\/?p=185687"},"modified":"2021-07-21T18:21:59","modified_gmt":"2021-07-21T21:21:59","slug":"cnc-intencao-de-consumo-das-familias-mantem-ritmo-de-crescimento","status":"publish","type":"post","link":"https:\/\/diarioregionaldigital.com.br\/?p=185687","title":{"rendered":"CNC: inten\u00e7\u00e3o de consumo das fam\u00edlias mant\u00e9m ritmo de crescimento"},"content":{"rendered":"<p>A Inten\u00e7\u00e3o de Consumo das Fam\u00edlias (ICF) subiu 2% em julho, alcan\u00e7ando a segunda alta consecutiva. O indicador chegou a 68,4 pontos e atingiu o maior n\u00edvel desde abril. O resultado ficou 3,5% acima do registrado no mesmo per\u00edodo de 2020.\u00a0<img decoding=\"async\" src=\"https:\/\/agenciabrasil.ebc.com.br\/ebc.png?id=1415941&amp;o=node\" \/><img decoding=\"async\" src=\"https:\/\/agenciabrasil.ebc.com.br\/ebc.gif?id=1415941&amp;o=node\" \/><\/p>\n<p>O \u00edndice, por\u00e9m, segue abaixo do n\u00edvel de satisfa\u00e7\u00e3o (100 pontos). Os resultados da pesquisa, feita pela Confedera\u00e7\u00e3o Nacional do Com\u00e9rcio de Bens, Servi\u00e7os e Turismo (CNC), foram divulgados hoje (21), no Rio de Janeiro.<\/p>\n<p>\u201cA maior confian\u00e7a das fam\u00edlias na estabilidade da tend\u00eancia positiva do mercado de trabalho, a disponibiliza\u00e7\u00e3o do aux\u00edlio emergencial e uma maior parcela da popula\u00e7\u00e3o j\u00e1 vacinada favoreceram as condi\u00e7\u00f5es de consumo\u201d, afirmou, em nota, o presidente da CNC, Jos\u00e9 Roberto Tadros.<\/p>\n<p><strong>Destaque para consumo<\/strong><\/p>\n<p>Como em junho, todos os sub\u00edndices da pesquisa registraram resultados positivos, com destaque para o que mede a Perspectiva de Consumo, que subiu 5,1% na compara\u00e7\u00e3o com junho, indo a 66,8 pontos. O item foi o que apresentou o maior crescimento no m\u00eas e revelou melhora na percep\u00e7\u00e3o dos brasileiros em rela\u00e7\u00e3o a compras futuras.<\/p>\n<p>\u201cA expectativa das fam\u00edlias \u00e9 que esse ambiente econ\u00f4mico mais positivo percebido no curto prazo se prolongue para o longo prazo\u201d, disse a economista da CNC respons\u00e1vel pela pesquisa, Catarina Carneiro da Silva.<\/p>\n<p>O N\u00edvel de Consumo Atual tamb\u00e9m melhorou ao subir 2,2%, alcan\u00e7ando o maior patamar desde mar\u00e7o deste ano (53,1 pontos). \u201cEsse avan\u00e7o foi resultado da melhora nas condi\u00e7\u00f5es de consumo, com redu\u00e7\u00e3o no percentual de fam\u00edlias que consideram o seu consumo menor (59% contra 60,3% no m\u00eas passado e 62,6% em julho de 2020) e crescimento ainda mais intenso do que no m\u00eas anterior (4,7%) na percep\u00e7\u00e3o do momento para compra de dur\u00e1veis\u201d, afirmou a economista.<\/p>\n<p><strong>Bens dur\u00e1veis<\/strong><\/p>\n<p>Apesar de permanecer como o menor indicador em julho, o Momento para Compra de Dur\u00e1veis, que avalia o que os consumidores pensam sobre a aquisi\u00e7\u00e3o de bens como eletrodom\u00e9sticos, eletr\u00f4nicos, carros e im\u00f3veis, atingiu o maior patamar desde abril e subiu de forma ainda mais intensa do que no m\u00eas anterior (4,7%), chegando a 40,8 pontos.<\/p>\n<p>\u201cNa esteira desse avan\u00e7o, houve redu\u00e7\u00e3o do percentual de fam\u00edlias que acreditam ser um momento negativo para compras desse tipo de produto: 77,2%, abaixo dos 77,7% do m\u00eas anterior e dos 78% de julho de 2020\u201d, informou a CNC.<\/p>\n<p><span style=\"font-weight: 400;\">Fonte: Ag\u00eancia Brasil <\/span><\/p>\n","protected":false},"excerpt":{"rendered":"<p>A Inten\u00e7\u00e3o de Consumo das Fam\u00edlias (ICF) subiu 2% em julho, alcan\u00e7ando a segunda alta consecutiva. O indicador chegou a 68,4 pontos e atingiu o maior n\u00edvel desde abril. O resultado ficou 3,5% acima do registrado no mesmo per\u00edodo de 2020.\u00a0 O \u00edndice, por\u00e9m, segue abaixo do n\u00edvel de satisfa\u00e7\u00e3o (100 pontos). Os resultados da [&hellip;]<\/p>\n","protected":false},"author":246,"featured_media":185688,"comment_status":"closed","ping_status":"closed","sticky":false,"template":"","format":"standard","meta":{"footnotes":""},"categories":[436,261,439],"tags":[],"class_list":["post-185687","post","type-post","status-publish","format-standard","has-post-thumbnail","hentry","category-destaque-da-semana","category-economia","category-ultima-hora"],"_links":{"self":[{"href":"https:\/\/diarioregionaldigital.com.br\/index.php?rest_route=\/wp\/v2\/posts\/185687","targetHints":{"allow":["GET"]}}],"collection":[{"href":"https:\/\/diarioregionaldigital.com.br\/index.php?rest_route=\/wp\/v2\/posts"}],"about":[{"href":"https:\/\/diarioregionaldigital.com.br\/index.php?rest_route=\/wp\/v2\/types\/post"}],"author":[{"embeddable":true,"href":"https:\/\/diarioregionaldigital.com.br\/index.php?rest_route=\/wp\/v2\/users\/246"}],"replies":[{"embeddable":true,"href":"https:\/\/diarioregionaldigital.com.br\/index.php?rest_route=%2Fwp%2Fv2%2Fcomments&post=185687"}],"version-history":[{"count":1,"href":"https:\/\/diarioregionaldigital.com.br\/index.php?rest_route=\/wp\/v2\/posts\/185687\/revisions"}],"predecessor-version":[{"id":185689,"href":"https:\/\/diarioregionaldigital.com.br\/index.php?rest_route=\/wp\/v2\/posts\/185687\/revisions\/185689"}],"wp:featuredmedia":[{"embeddable":true,"href":"https:\/\/diarioregionaldigital.com.br\/index.php?rest_route=\/wp\/v2\/media\/185688"}],"wp:attachment":[{"href":"https:\/\/diarioregionaldigital.com.br\/index.php?rest_route=%2Fwp%2Fv2%2Fmedia&parent=185687"}],"wp:term":[{"taxonomy":"category","embeddable":true,"href":"https:\/\/diarioregionaldigital.com.br\/index.php?rest_route=%2Fwp%2Fv2%2Fcategories&post=185687"},{"taxonomy":"post_tag","embeddable":true,"href":"https:\/\/diarioregionaldigital.com.br\/index.php?rest_route=%2Fwp%2Fv2%2Ftags&post=185687"}],"curies":[{"name":"wp","href":"https:\/\/api.w.org\/{rel}","templated":true}]}}