{"id":185675,"date":"2021-07-21T18:14:25","date_gmt":"2021-07-21T21:14:25","guid":{"rendered":"https:\/\/diarioregionaldigital.com.br\/?p=185675"},"modified":"2021-07-21T18:14:25","modified_gmt":"2021-07-21T21:14:25","slug":"indice-de-confianca-da-industria-cresce-02-ponto-em-julho-diz-cni","status":"publish","type":"post","link":"https:\/\/diarioregionaldigital.com.br\/?p=185675","title":{"rendered":"\u00cdndice de confian\u00e7a da ind\u00fastria cresce 0,2 ponto em julho, diz CNI"},"content":{"rendered":"<p>O \u00cdndice de Confian\u00e7a do Empres\u00e1rio Industrial (Icei) cresceu 0,2 ponto em julho deste ano, em compara\u00e7\u00e3o com o apurado em junho, informou hoje (21) a Confedera\u00e7\u00e3o Nacional da Ind\u00fastria (CNI). Com isso, o \u00edndice ficou em 62 pontos. Este \u00e9 o terceiro aumento consecutivo no indicador, que acumula crescimento de 8,3 pontos no per\u00edodo.<img decoding=\"async\" src=\"https:\/\/agenciabrasil.ebc.com.br\/ebc.png?id=1415935&amp;o=node\" \/><img decoding=\"async\" src=\"https:\/\/agenciabrasil.ebc.com.br\/ebc.gif?id=1415935&amp;o=node\" \/><\/p>\n<p>O \u00edndice varia de 0 a 100 pontos. Valores acima de 50 pontos indicam confian\u00e7a do setor industrial e quanto mais acima de 50 pontos, maior e mais disseminada \u00e9 a confian\u00e7a do empresariado. Quanto mais pr\u00f3ximo de 0, menor a confian\u00e7a.<\/p>\n<p>Para o levantamento, foram entrevistadas 1.316 empresas, entre elas, 498 de pequeno porte, 500 de m\u00e9dio porte e 318 de grande porte, de 1\u00ba a 7 de julho de 2021. O resultado divulgado nesta quarta-feira mostra que o \u00edndice de expectativas do empres\u00e1rio em rela\u00e7\u00e3o \u00e0 economia e a pr\u00f3pria empresa nos pr\u00f3ximos seis meses tem se mantido positivo.<\/p>\n<p>\u201cO patamar no qual o \u00edndice se encontra \u00e9 o mais elevado para um m\u00eas de julho desde 2010 e foi influenciado principalmente pela percep\u00e7\u00e3o mais positiva das condi\u00e7\u00f5es da economia brasileira\u201d, disse a CNI, que \u00e9 respons\u00e1vel pelo levantamento<\/p>\n<p>De acordo com a entidade, entre os componentes do \u00edndice de confian\u00e7a da ind\u00fastria, o \u00cdndice de Condi\u00e7\u00f5es Atuais registrou avan\u00e7o predominante, de 0,9 ponto, atingindo 55,7 pontos em julho. Esse aumento foi causado principalmente pela percep\u00e7\u00e3o mais positiva a respeito da economia brasileira, que aumentou em 1,6 ponto e se encontra atualmente em 54,4 pontos.<\/p>\n<p>J\u00e1 o \u00cdndice de Expectativas ficou no patamar de 65,2 ponto, acumulando um pequeno crescimento de 0,1 ponto em rela\u00e7\u00e3o a junho.<\/p>\n<p><span style=\"font-weight: 400;\">Fonte: Ag\u00eancia Brasil <\/span><\/p>\n","protected":false},"excerpt":{"rendered":"<p>O \u00cdndice de Confian\u00e7a do Empres\u00e1rio Industrial (Icei) cresceu 0,2 ponto em julho deste ano, em compara\u00e7\u00e3o com o apurado em junho, informou hoje (21) a Confedera\u00e7\u00e3o Nacional da Ind\u00fastria (CNI). Com isso, o \u00edndice ficou em 62 pontos. Este \u00e9 o terceiro aumento consecutivo no indicador, que acumula crescimento de 8,3 pontos no per\u00edodo. [&hellip;]<\/p>\n","protected":false},"author":246,"featured_media":185676,"comment_status":"closed","ping_status":"closed","sticky":false,"template":"","format":"standard","meta":{"footnotes":""},"categories":[440,261],"tags":[],"class_list":["post-185675","post","type-post","status-publish","format-standard","has-post-thumbnail","hentry","category-destaques-do-dia","category-economia"],"_links":{"self":[{"href":"https:\/\/diarioregionaldigital.com.br\/index.php?rest_route=\/wp\/v2\/posts\/185675","targetHints":{"allow":["GET"]}}],"collection":[{"href":"https:\/\/diarioregionaldigital.com.br\/index.php?rest_route=\/wp\/v2\/posts"}],"about":[{"href":"https:\/\/diarioregionaldigital.com.br\/index.php?rest_route=\/wp\/v2\/types\/post"}],"author":[{"embeddable":true,"href":"https:\/\/diarioregionaldigital.com.br\/index.php?rest_route=\/wp\/v2\/users\/246"}],"replies":[{"embeddable":true,"href":"https:\/\/diarioregionaldigital.com.br\/index.php?rest_route=%2Fwp%2Fv2%2Fcomments&post=185675"}],"version-history":[{"count":1,"href":"https:\/\/diarioregionaldigital.com.br\/index.php?rest_route=\/wp\/v2\/posts\/185675\/revisions"}],"predecessor-version":[{"id":185677,"href":"https:\/\/diarioregionaldigital.com.br\/index.php?rest_route=\/wp\/v2\/posts\/185675\/revisions\/185677"}],"wp:featuredmedia":[{"embeddable":true,"href":"https:\/\/diarioregionaldigital.com.br\/index.php?rest_route=\/wp\/v2\/media\/185676"}],"wp:attachment":[{"href":"https:\/\/diarioregionaldigital.com.br\/index.php?rest_route=%2Fwp%2Fv2%2Fmedia&parent=185675"}],"wp:term":[{"taxonomy":"category","embeddable":true,"href":"https:\/\/diarioregionaldigital.com.br\/index.php?rest_route=%2Fwp%2Fv2%2Fcategories&post=185675"},{"taxonomy":"post_tag","embeddable":true,"href":"https:\/\/diarioregionaldigital.com.br\/index.php?rest_route=%2Fwp%2Fv2%2Ftags&post=185675"}],"curies":[{"name":"wp","href":"https:\/\/api.w.org\/{rel}","templated":true}]}}