{"id":185672,"date":"2021-07-21T11:24:13","date_gmt":"2021-07-21T14:24:13","guid":{"rendered":"https:\/\/diarioregionaldigital.com.br\/?p=185672"},"modified":"2021-07-21T11:24:13","modified_gmt":"2021-07-21T14:24:13","slug":"policia-militar-registra-homicidio-consumado-no-bairro-caicaras-ii","status":"publish","type":"post","link":"https:\/\/diarioregionaldigital.com.br\/?p=185672","title":{"rendered":"Pol\u00edcia Militar registra homic\u00eddio consumado no bairro Cai\u00e7aras II"},"content":{"rendered":"<p>No in\u00edcio da noite de quarta-feira, 20jul21 por volta das 18h00min, a Pol\u00edcia Militar foi acionada via COPOM a comparecer na Rua G no bairro Cai\u00e7aras II, onde segundo informa\u00e7\u00f5es, um homem teria sido v\u00edtima de disparos de arma de fogo, efetuados por um indiv\u00edduo que estaria em um ve\u00edculo cor prata, que fugiu logo ap\u00f3s a a\u00e7\u00e3o criminosa. No local, o SAMU foi acionado e o \u00f3bito do homem de 25 anos atestado. A per\u00edcia esteve presente realizando os trabalhos de praxe e constatou um disparo de arma de fogo na regi\u00e3o lombar esquerda e escoria\u00e7\u00f5es no p\u00e9 e cotovelo esquerdos da v\u00edtima. O suspeito da autoria \u00e9 um homem, tamb\u00e9m de 25 anos de idade, com quem a v\u00edtima entrou em vias de fato no dia 29jun21, por motivos n\u00e3o informados. O corpo da v\u00edtima foi removido pela funer\u00e1ria. A Pol\u00edcia Militar segue em rastreamento para pris\u00e3o do autor.<\/p>\n","protected":false},"excerpt":{"rendered":"<p>No in\u00edcio da noite de quarta-feira, 20jul21 por volta das 18h00min, a Pol\u00edcia Militar foi acionada via COPOM a comparecer na Rua G no bairro Cai\u00e7aras II, onde segundo informa\u00e7\u00f5es, um homem teria sido v\u00edtima de disparos de arma de fogo, efetuados por um indiv\u00edduo que estaria em um ve\u00edculo cor prata, que fugiu logo [&hellip;]<\/p>\n","protected":false},"author":246,"featured_media":185673,"comment_status":"closed","ping_status":"closed","sticky":false,"template":"","format":"standard","meta":{"footnotes":""},"categories":[301,1229],"tags":[],"class_list":["post-185672","post","type-post","status-publish","format-standard","has-post-thumbnail","hentry","category-artigos-policiais","category-policial"],"_links":{"self":[{"href":"https:\/\/diarioregionaldigital.com.br\/index.php?rest_route=\/wp\/v2\/posts\/185672","targetHints":{"allow":["GET"]}}],"collection":[{"href":"https:\/\/diarioregionaldigital.com.br\/index.php?rest_route=\/wp\/v2\/posts"}],"about":[{"href":"https:\/\/diarioregionaldigital.com.br\/index.php?rest_route=\/wp\/v2\/types\/post"}],"author":[{"embeddable":true,"href":"https:\/\/diarioregionaldigital.com.br\/index.php?rest_route=\/wp\/v2\/users\/246"}],"replies":[{"embeddable":true,"href":"https:\/\/diarioregionaldigital.com.br\/index.php?rest_route=%2Fwp%2Fv2%2Fcomments&post=185672"}],"version-history":[{"count":1,"href":"https:\/\/diarioregionaldigital.com.br\/index.php?rest_route=\/wp\/v2\/posts\/185672\/revisions"}],"predecessor-version":[{"id":185674,"href":"https:\/\/diarioregionaldigital.com.br\/index.php?rest_route=\/wp\/v2\/posts\/185672\/revisions\/185674"}],"wp:featuredmedia":[{"embeddable":true,"href":"https:\/\/diarioregionaldigital.com.br\/index.php?rest_route=\/wp\/v2\/media\/185673"}],"wp:attachment":[{"href":"https:\/\/diarioregionaldigital.com.br\/index.php?rest_route=%2Fwp%2Fv2%2Fmedia&parent=185672"}],"wp:term":[{"taxonomy":"category","embeddable":true,"href":"https:\/\/diarioregionaldigital.com.br\/index.php?rest_route=%2Fwp%2Fv2%2Fcategories&post=185672"},{"taxonomy":"post_tag","embeddable":true,"href":"https:\/\/diarioregionaldigital.com.br\/index.php?rest_route=%2Fwp%2Fv2%2Ftags&post=185672"}],"curies":[{"name":"wp","href":"https:\/\/api.w.org\/{rel}","templated":true}]}}