{"id":185667,"date":"2021-07-21T11:11:10","date_gmt":"2021-07-21T14:11:10","guid":{"rendered":"https:\/\/diarioregionaldigital.com.br\/?p=185667"},"modified":"2021-07-21T11:11:10","modified_gmt":"2021-07-21T14:11:10","slug":"estado-registra-208-novos-obitos-por-covid-19-nas-ultimas-24-horas","status":"publish","type":"post","link":"https:\/\/diarioregionaldigital.com.br\/?p=185667","title":{"rendered":"Estado registra 208 novos \u00f3bitos por Covid-19 nas \u00faltimas 24 horas"},"content":{"rendered":"<p>A Secretaria de Estado da Sa\u00fade de Minas Gerais (SES-MG), publicou nesta quarta-feira (21), o novo boletim referente ao Coronav\u00edrus. O levantamento aponta que o estado notificou mais 5.751 novos casos da doen\u00e7a, totalizando 1.915.094 pessoas infectadas. Os dados indicam que foram registradas mais\u00a0 208 mortes, contabilizando 49.233 \u00f3bitos.<\/p>\n<p>Al\u00e9m disso, 1.805.618 pacientes est\u00e3o recuperados da doen\u00e7a, representando 93% dos casos. Quanto aos dados de hospitaliza\u00e7\u00e3o, 168.978 estiveram internados e 1.746.116 j\u00e1 fizeram isolamento domiciliar. At\u00e9 o momento, 9.008.703 pessoas receberam a primeira dose da vacina e 3.054.066 a segunda e 316.095 pessoas receberam a dose \u00fanica.<\/p>\n","protected":false},"excerpt":{"rendered":"<p>A Secretaria de Estado da Sa\u00fade de Minas Gerais (SES-MG), publicou nesta quarta-feira (21), o novo boletim referente ao Coronav\u00edrus. O levantamento aponta que o estado notificou mais 5.751 novos casos da doen\u00e7a, totalizando 1.915.094 pessoas infectadas. Os dados indicam que foram registradas mais\u00a0 208 mortes, contabilizando 49.233 \u00f3bitos. Al\u00e9m disso, 1.805.618 pacientes est\u00e3o recuperados [&hellip;]<\/p>\n","protected":false},"author":246,"featured_media":185668,"comment_status":"closed","ping_status":"closed","sticky":false,"template":"","format":"standard","meta":{"footnotes":""},"categories":[252],"tags":[],"class_list":["post-185667","post","type-post","status-publish","format-standard","has-post-thumbnail","hentry","category-regiao"],"_links":{"self":[{"href":"https:\/\/diarioregionaldigital.com.br\/index.php?rest_route=\/wp\/v2\/posts\/185667","targetHints":{"allow":["GET"]}}],"collection":[{"href":"https:\/\/diarioregionaldigital.com.br\/index.php?rest_route=\/wp\/v2\/posts"}],"about":[{"href":"https:\/\/diarioregionaldigital.com.br\/index.php?rest_route=\/wp\/v2\/types\/post"}],"author":[{"embeddable":true,"href":"https:\/\/diarioregionaldigital.com.br\/index.php?rest_route=\/wp\/v2\/users\/246"}],"replies":[{"embeddable":true,"href":"https:\/\/diarioregionaldigital.com.br\/index.php?rest_route=%2Fwp%2Fv2%2Fcomments&post=185667"}],"version-history":[{"count":1,"href":"https:\/\/diarioregionaldigital.com.br\/index.php?rest_route=\/wp\/v2\/posts\/185667\/revisions"}],"predecessor-version":[{"id":185669,"href":"https:\/\/diarioregionaldigital.com.br\/index.php?rest_route=\/wp\/v2\/posts\/185667\/revisions\/185669"}],"wp:featuredmedia":[{"embeddable":true,"href":"https:\/\/diarioregionaldigital.com.br\/index.php?rest_route=\/wp\/v2\/media\/185668"}],"wp:attachment":[{"href":"https:\/\/diarioregionaldigital.com.br\/index.php?rest_route=%2Fwp%2Fv2%2Fmedia&parent=185667"}],"wp:term":[{"taxonomy":"category","embeddable":true,"href":"https:\/\/diarioregionaldigital.com.br\/index.php?rest_route=%2Fwp%2Fv2%2Fcategories&post=185667"},{"taxonomy":"post_tag","embeddable":true,"href":"https:\/\/diarioregionaldigital.com.br\/index.php?rest_route=%2Fwp%2Fv2%2Ftags&post=185667"}],"curies":[{"name":"wp","href":"https:\/\/api.w.org\/{rel}","templated":true}]}}