{"id":185660,"date":"2021-07-20T17:26:57","date_gmt":"2021-07-20T20:26:57","guid":{"rendered":"https:\/\/diarioregionaldigital.com.br\/?p=185660"},"modified":"2021-07-20T17:26:57","modified_gmt":"2021-07-20T20:26:57","slug":"servicos-de-manutencao-na-regiao-sul-e-no-distrito-de-sarandira-sao-realizados-pela-cesama","status":"publish","type":"post","link":"https:\/\/diarioregionaldigital.com.br\/?p=185660","title":{"rendered":"Servi\u00e7os de manuten\u00e7\u00e3o na regi\u00e3o sul e no distrito de Sarandira s\u00e3o realizados pela Cesama"},"content":{"rendered":"<p>Na manh\u00e3 desta ter\u00e7a-feira, 20, a Companhia de Saneamento Municipal (Cesama) da Prefeitura de Juiz de Fora (PJF) realizou o reparo de um vazamento de \u00e1gua na rua Gabriel Coimbra, no bairro Ipiranga. Para a execu\u00e7\u00e3o do servi\u00e7o, foi preciso interditar totalmente o tr\u00e2nsito na altura do n\u00famero 162.<\/p>\n<p>Segundo informa\u00e7\u00f5es do site da Prefeitura de Juiz de Fora, a companhia ainda marcou presen\u00e7a na ladeira Alexandre Leonel, no bairro Jardim Liu, efetuando a manuten\u00e7\u00e3o da rede de esgoto da via, nas proximidades do n\u00famero 1.075. J\u00e1 no bairro Bom Pastor, foi necess\u00e1rio interromper o fluxo de ve\u00edculos, na altura do n\u00famero 253 da rua Delorme de Carvalho, para o reparo de uma eros\u00e3o de esgoto.<\/p>\n<p>O distrito de Sarandira tamb\u00e9m recebeu os servi\u00e7os da empresa, que esteve na rua Santana para fixar um Po\u00e7o de Visita (PV) de esgoto.<br \/>\nAs demandas de servi\u00e7os para a Cesama podem ser efetuadas pelo telefone 115 (Cesama Atende).<\/p>\n","protected":false},"excerpt":{"rendered":"<p>Na manh\u00e3 desta ter\u00e7a-feira, 20, a Companhia de Saneamento Municipal (Cesama) da Prefeitura de Juiz de Fora (PJF) realizou o reparo de um vazamento de \u00e1gua na rua Gabriel Coimbra, no bairro Ipiranga. Para a execu\u00e7\u00e3o do servi\u00e7o, foi preciso interditar totalmente o tr\u00e2nsito na altura do n\u00famero 162. Segundo informa\u00e7\u00f5es do site da Prefeitura [&hellip;]<\/p>\n","protected":false},"author":246,"featured_media":185661,"comment_status":"closed","ping_status":"closed","sticky":false,"template":"","format":"standard","meta":{"footnotes":""},"categories":[253,436,439],"tags":[],"class_list":["post-185660","post","type-post","status-publish","format-standard","has-post-thumbnail","hentry","category-cidade","category-destaque-da-semana","category-ultima-hora"],"_links":{"self":[{"href":"https:\/\/diarioregionaldigital.com.br\/index.php?rest_route=\/wp\/v2\/posts\/185660","targetHints":{"allow":["GET"]}}],"collection":[{"href":"https:\/\/diarioregionaldigital.com.br\/index.php?rest_route=\/wp\/v2\/posts"}],"about":[{"href":"https:\/\/diarioregionaldigital.com.br\/index.php?rest_route=\/wp\/v2\/types\/post"}],"author":[{"embeddable":true,"href":"https:\/\/diarioregionaldigital.com.br\/index.php?rest_route=\/wp\/v2\/users\/246"}],"replies":[{"embeddable":true,"href":"https:\/\/diarioregionaldigital.com.br\/index.php?rest_route=%2Fwp%2Fv2%2Fcomments&post=185660"}],"version-history":[{"count":1,"href":"https:\/\/diarioregionaldigital.com.br\/index.php?rest_route=\/wp\/v2\/posts\/185660\/revisions"}],"predecessor-version":[{"id":185662,"href":"https:\/\/diarioregionaldigital.com.br\/index.php?rest_route=\/wp\/v2\/posts\/185660\/revisions\/185662"}],"wp:featuredmedia":[{"embeddable":true,"href":"https:\/\/diarioregionaldigital.com.br\/index.php?rest_route=\/wp\/v2\/media\/185661"}],"wp:attachment":[{"href":"https:\/\/diarioregionaldigital.com.br\/index.php?rest_route=%2Fwp%2Fv2%2Fmedia&parent=185660"}],"wp:term":[{"taxonomy":"category","embeddable":true,"href":"https:\/\/diarioregionaldigital.com.br\/index.php?rest_route=%2Fwp%2Fv2%2Fcategories&post=185660"},{"taxonomy":"post_tag","embeddable":true,"href":"https:\/\/diarioregionaldigital.com.br\/index.php?rest_route=%2Fwp%2Fv2%2Ftags&post=185660"}],"curies":[{"name":"wp","href":"https:\/\/api.w.org\/{rel}","templated":true}]}}