{"id":185657,"date":"2021-07-20T17:24:32","date_gmt":"2021-07-20T20:24:32","guid":{"rendered":"https:\/\/diarioregionaldigital.com.br\/?p=185657"},"modified":"2021-07-20T17:30:01","modified_gmt":"2021-07-20T20:30:01","slug":"defesa-civil-alerta-sobre-queda-de-temperatura","status":"publish","type":"post","link":"https:\/\/diarioregionaldigital.com.br\/?p=185657","title":{"rendered":"Defesa Civil alerta sobre queda de temperatura"},"content":{"rendered":"<p>A Defesa Civil de Juiz de Fora emitiu alerta sobre queda de temperatura nos pr\u00f3ximos dias, com probabilidade de decl\u00ednio entre 3\u00baC e 5\u00baC at\u00e9 quarta-feira, 21. Segundo informa\u00e7\u00f5es do site da Prefeitura de Juiz de Fora, o aviso tem como base as informa\u00e7\u00f5es do Instituto Nacional de Meteorologia (Inmet).<\/p>\n<p>Para receber alertas da Defesa Civil, basta enviar uma mensagem de texto (SMS) para o n\u00famero 40199 informando o CEP da sua rua. O servi\u00e7o \u00e9 totalmente gratuito.<\/p>\n<p><b>Plano de Conting\u00eancia para Situa\u00e7\u00f5es de Baixas Temperaturas<\/b><\/p>\n<p>O frio extremo coloca em risco as pessoas em situa\u00e7\u00e3o de rua. O Plano de Conting\u00eancia para Situa\u00e7\u00f5es de Baixas Temperaturas &#8211; criado neste ano pela Prefeitura de Juiz de Fora (PJF) &#8211; apresenta um conjunto de medidas estrat\u00e9gicas a curto, m\u00e9dio e longo prazo, que ser\u00e3o realizadas de forma integrada pelos \u00f3rg\u00e3os municipais respons\u00e1veis pelas \u00e1reas de prote\u00e7\u00e3o, defesa civil, assist\u00eancia social, direitos humanos, sa\u00fade e governo, com o objetivo de minimizar os impactos das baixas temperaturas sobre a popula\u00e7\u00e3o em situa\u00e7\u00e3o de rua no munic\u00edpio.<\/p>\n","protected":false},"excerpt":{"rendered":"<p>A Defesa Civil de Juiz de Fora emitiu alerta sobre queda de temperatura nos pr\u00f3ximos dias, com probabilidade de decl\u00ednio entre 3\u00baC e 5\u00baC at\u00e9 quarta-feira, 21. Segundo informa\u00e7\u00f5es do site da Prefeitura de Juiz de Fora, o aviso tem como base as informa\u00e7\u00f5es do Instituto Nacional de Meteorologia (Inmet). Para receber alertas da Defesa [&hellip;]<\/p>\n","protected":false},"author":246,"featured_media":185658,"comment_status":"closed","ping_status":"closed","sticky":false,"template":"","format":"standard","meta":{"footnotes":""},"categories":[253,436,439],"tags":[],"class_list":["post-185657","post","type-post","status-publish","format-standard","has-post-thumbnail","hentry","category-cidade","category-destaque-da-semana","category-ultima-hora"],"_links":{"self":[{"href":"https:\/\/diarioregionaldigital.com.br\/index.php?rest_route=\/wp\/v2\/posts\/185657","targetHints":{"allow":["GET"]}}],"collection":[{"href":"https:\/\/diarioregionaldigital.com.br\/index.php?rest_route=\/wp\/v2\/posts"}],"about":[{"href":"https:\/\/diarioregionaldigital.com.br\/index.php?rest_route=\/wp\/v2\/types\/post"}],"author":[{"embeddable":true,"href":"https:\/\/diarioregionaldigital.com.br\/index.php?rest_route=\/wp\/v2\/users\/246"}],"replies":[{"embeddable":true,"href":"https:\/\/diarioregionaldigital.com.br\/index.php?rest_route=%2Fwp%2Fv2%2Fcomments&post=185657"}],"version-history":[{"count":1,"href":"https:\/\/diarioregionaldigital.com.br\/index.php?rest_route=\/wp\/v2\/posts\/185657\/revisions"}],"predecessor-version":[{"id":185659,"href":"https:\/\/diarioregionaldigital.com.br\/index.php?rest_route=\/wp\/v2\/posts\/185657\/revisions\/185659"}],"wp:featuredmedia":[{"embeddable":true,"href":"https:\/\/diarioregionaldigital.com.br\/index.php?rest_route=\/wp\/v2\/media\/185658"}],"wp:attachment":[{"href":"https:\/\/diarioregionaldigital.com.br\/index.php?rest_route=%2Fwp%2Fv2%2Fmedia&parent=185657"}],"wp:term":[{"taxonomy":"category","embeddable":true,"href":"https:\/\/diarioregionaldigital.com.br\/index.php?rest_route=%2Fwp%2Fv2%2Fcategories&post=185657"},{"taxonomy":"post_tag","embeddable":true,"href":"https:\/\/diarioregionaldigital.com.br\/index.php?rest_route=%2Fwp%2Fv2%2Ftags&post=185657"}],"curies":[{"name":"wp","href":"https:\/\/api.w.org\/{rel}","templated":true}]}}