{"id":185348,"date":"2021-07-14T17:56:58","date_gmt":"2021-07-14T20:56:58","guid":{"rendered":"https:\/\/diarioregionaldigital.com.br\/?p=185348"},"modified":"2021-07-14T17:56:58","modified_gmt":"2021-07-14T20:56:58","slug":"camara-aprova-regras-para-impedir-supersalarios-no-servico-publico","status":"publish","type":"post","link":"https:\/\/diarioregionaldigital.com.br\/?p=185348","title":{"rendered":"C\u00e2mara aprova regras para impedir supersal\u00e1rios no servi\u00e7o p\u00fablico"},"content":{"rendered":"<p>O plen\u00e1rio da C\u00e2mara dos Deputados aprovou nesta ter\u00e7a-feira (13) projeto que imp\u00f5e limites aos sal\u00e1rios acima do teto constitucional para os servidores dos tr\u00eas Poderes. O texto inclui os servidores civis e militares, magistratura e detentores de mandato. Oriundo do Senado, o Projeto de Lei 6726\/16 retorna para an\u00e1lise dos senadores ap\u00f3s modifica\u00e7\u00f5es no texto.<img decoding=\"async\" src=\"https:\/\/agenciabrasil.ebc.com.br\/ebc.png?id=1415386&amp;o=node\" \/><img decoding=\"async\" src=\"https:\/\/agenciabrasil.ebc.com.br\/ebc.gif?id=1415386&amp;o=node\" \/><\/p>\n<p>\u201c\u00c9 fato que as proposi\u00e7\u00f5es se encarregam de enfrentar um problema que alcan\u00e7ou dimens\u00f5es nacionais. Em tese, a remunera\u00e7\u00e3o de um agente p\u00fablico n\u00e3o pode ser superior ao subs\u00eddio mensal dos ministros do Supremo Tribunal Federal nem aos subtetos constitucionalmente previstos. Todavia, n\u00e3o \u00e9 o que se tem visto, sobretudo quanto aos membros do Poder Judici\u00e1rio e do Minist\u00e9rio P\u00fablico\u201d, argumentou o autor do substitutivo aprovado, do deputado Rubens Bueno (Cidadania-PR).<\/p>\n<p>A mat\u00e9ria prev\u00ea que 30 tipos de pagamentos s\u00e3o considerados indeniza\u00e7\u00f5es, direitos adquiridos ou ressarcimentos. Ao justificar a proposta, o deputado Rubens Bueno ressaltou que 71% dos magistrados brasileiros t\u00eam ganhos que superam o teto constitucional por meio, por exemplo, de aux\u00edlio-moradia, alimenta\u00e7\u00e3o, viagens e gratifica\u00e7\u00f5es.<\/p>\n<p>Na avalia\u00e7\u00e3o do parlamentar, s\u00e3o \u201cparcelas retidas no m\u00eas de compet\u00eancia para serem pagas posteriormente sem sujei\u00e7\u00e3o ao limite remunerat\u00f3rio e toda a sorte de penduricalhos que o sistema jur\u00eddico permite\u201d, disse. \u201cEsse quadro vergonhoso, em que o c\u00e9u tem sido o limite, exige medidas corajosas\u201d.<\/p>\n<p>As regras se aplicam aos agentes p\u00fablicos de todas as esferas de governo (federal, estadual, distrital e municipal) e a todas as esferas de Poder (Executivo, Legislativo e Judici\u00e1rio), incluindo-se Minist\u00e9rio P\u00fablico, Defensoria P\u00fablica, contratados tempor\u00e1rios, empregados e dirigentes de empresas p\u00fablicas que recebem recursos dos governos (dependentes) para pagar sal\u00e1rios e custeio, militares e policiais militares, aposentados e pensionistas.<\/p>\n<p><span style=\"font-weight: 400;\">Fonte: Ag\u00eancia Brasil <\/span><\/p>\n","protected":false},"excerpt":{"rendered":"<p>O plen\u00e1rio da C\u00e2mara dos Deputados aprovou nesta ter\u00e7a-feira (13) projeto que imp\u00f5e limites aos sal\u00e1rios acima do teto constitucional para os servidores dos tr\u00eas Poderes. O texto inclui os servidores civis e militares, magistratura e detentores de mandato. Oriundo do Senado, o Projeto de Lei 6726\/16 retorna para an\u00e1lise dos senadores ap\u00f3s modifica\u00e7\u00f5es no [&hellip;]<\/p>\n","protected":false},"author":246,"featured_media":185349,"comment_status":"closed","ping_status":"closed","sticky":false,"template":"","format":"standard","meta":{"footnotes":""},"categories":[436,254,439],"tags":[],"class_list":["post-185348","post","type-post","status-publish","format-standard","has-post-thumbnail","hentry","category-destaque-da-semana","category-politica","category-ultima-hora"],"_links":{"self":[{"href":"https:\/\/diarioregionaldigital.com.br\/index.php?rest_route=\/wp\/v2\/posts\/185348","targetHints":{"allow":["GET"]}}],"collection":[{"href":"https:\/\/diarioregionaldigital.com.br\/index.php?rest_route=\/wp\/v2\/posts"}],"about":[{"href":"https:\/\/diarioregionaldigital.com.br\/index.php?rest_route=\/wp\/v2\/types\/post"}],"author":[{"embeddable":true,"href":"https:\/\/diarioregionaldigital.com.br\/index.php?rest_route=\/wp\/v2\/users\/246"}],"replies":[{"embeddable":true,"href":"https:\/\/diarioregionaldigital.com.br\/index.php?rest_route=%2Fwp%2Fv2%2Fcomments&post=185348"}],"version-history":[{"count":2,"href":"https:\/\/diarioregionaldigital.com.br\/index.php?rest_route=\/wp\/v2\/posts\/185348\/revisions"}],"predecessor-version":[{"id":185351,"href":"https:\/\/diarioregionaldigital.com.br\/index.php?rest_route=\/wp\/v2\/posts\/185348\/revisions\/185351"}],"wp:featuredmedia":[{"embeddable":true,"href":"https:\/\/diarioregionaldigital.com.br\/index.php?rest_route=\/wp\/v2\/media\/185349"}],"wp:attachment":[{"href":"https:\/\/diarioregionaldigital.com.br\/index.php?rest_route=%2Fwp%2Fv2%2Fmedia&parent=185348"}],"wp:term":[{"taxonomy":"category","embeddable":true,"href":"https:\/\/diarioregionaldigital.com.br\/index.php?rest_route=%2Fwp%2Fv2%2Fcategories&post=185348"},{"taxonomy":"post_tag","embeddable":true,"href":"https:\/\/diarioregionaldigital.com.br\/index.php?rest_route=%2Fwp%2Fv2%2Ftags&post=185348"}],"curies":[{"name":"wp","href":"https:\/\/api.w.org\/{rel}","templated":true}]}}