{"id":185345,"date":"2021-07-14T17:54:15","date_gmt":"2021-07-14T20:54:15","guid":{"rendered":"https:\/\/diarioregionaldigital.com.br\/?p=185345"},"modified":"2021-07-14T17:54:15","modified_gmt":"2021-07-14T20:54:15","slug":"conselho-de-etica-recomenda-censura-escrita-a-daniel-silveira","status":"publish","type":"post","link":"https:\/\/diarioregionaldigital.com.br\/?p=185345","title":{"rendered":"Conselho de \u00c9tica recomenda censura escrita a Daniel Silveira"},"content":{"rendered":"<p>O Conselho de \u00c9tica da C\u00e2mara dos Deputados aprovou nesta ter\u00e7a-feira (13), por 11 votos a 5, a aplica\u00e7\u00e3o de censura escrita ao deputado Daniel Silveira (PSL-RJ). O parlamentar responde, nesta representa\u00e7\u00e3o, pela acusa\u00e7\u00e3o de ter amea\u00e7ado manifestantes contr\u00e1rios ao governo, por meio de postagem em uma rede social em 2020.<\/p>\n<p>\u00c9 a terceira representa\u00e7\u00e3o contra Silveira no Conselho de \u00c9tica. A pena de censura escrita foi proposta pelo deputado Diego Garcia (Pode-PR), relator da representa\u00e7\u00e3o. O parlamentar foi escolhido ap\u00f3s a rejei\u00e7\u00e3o, por 10 votos a 9, do parecer proposto pela deputada Professora Rosa Neide (PT-MT), que previa a suspens\u00e3o do mandato de Silveira por tr\u00eas meses.<\/p>\n<p>Neste caso, a representa\u00e7\u00e3o contra Silveira foi movida pelos partidos Rede, PSOL e PSB.<\/p>\n<p>Por se tratar de pena considerada branda, a decis\u00e3o n\u00e3o precisa ser votada pelo plen\u00e1rio. A Mesa Diretora da C\u00e2mara dever\u00e1 definir se a pena ser\u00e1 apenas lida no plen\u00e1rio ou publicada diretamente no Di\u00e1rio da C\u00e2mara dos Deputados e transmitida ao parlamentar.<\/p>\n<p><strong>Defesa<br \/>\n<\/strong><br \/>\nEm depoimento no Conselho de \u00c9tica, Silveira afirmou que n\u00e3o fez nenhuma amea\u00e7a no v\u00eddeo e que, na verdade, respondeu a uma agress\u00e3o que tinha sofrido.<\/p>\n<p>\u201cEu disse: \u2018caso venham me agredir, eu vou me defender e vou defender minha fam\u00edlia\u2019\u201d, relatou.<\/p>\n<p><strong>Suspens\u00e3o<br \/>\n<\/strong><br \/>\nNa semana passada, o Conselho de \u00c9tica aprovou parecer que recomenda a suspens\u00e3o, por seis meses, do mandato do deputado Daniel Silveira (PSL-RJ). O parlamentar responde nesta representa\u00e7\u00e3o por quebra de decoro parlamentar por ter gravado e divulgado um v\u00eddeo em que incita a viol\u00eancia contra ministros do Supremo Tribunal Federal (STF).<\/p>\n<p><strong>Pris\u00e3o<br \/>\n<\/strong><br \/>\nSilveira est\u00e1 preso desde fevereiro deste ano, por decis\u00e3o do ministro do STF Alexandre de Moraes ap\u00f3s divulga\u00e7\u00e3o de v\u00eddeo em que incitava viol\u00eancia contra os ministros da Corte. O parlamentar chegou a ir para a pris\u00e3o domiciliar em mar\u00e7o, mas voltou para o regime fechado no fim de junho ap\u00f3s viola\u00e7\u00f5es ao uso da tornozeleira eletr\u00f4nica.<\/p>\n<p><span style=\"font-weight: 400;\">Fonte: Ag\u00eancia Brasil <\/span><\/p>\n","protected":false},"excerpt":{"rendered":"<p>O Conselho de \u00c9tica da C\u00e2mara dos Deputados aprovou nesta ter\u00e7a-feira (13), por 11 votos a 5, a aplica\u00e7\u00e3o de censura escrita ao deputado Daniel Silveira (PSL-RJ). O parlamentar responde, nesta representa\u00e7\u00e3o, pela acusa\u00e7\u00e3o de ter amea\u00e7ado manifestantes contr\u00e1rios ao governo, por meio de postagem em uma rede social em 2020. \u00c9 a terceira representa\u00e7\u00e3o [&hellip;]<\/p>\n","protected":false},"author":246,"featured_media":185346,"comment_status":"closed","ping_status":"closed","sticky":false,"template":"","format":"standard","meta":{"footnotes":""},"categories":[436,257,439],"tags":[],"class_list":["post-185345","post","type-post","status-publish","format-standard","has-post-thumbnail","hentry","category-destaque-da-semana","category-esporte","category-ultima-hora"],"_links":{"self":[{"href":"https:\/\/diarioregionaldigital.com.br\/index.php?rest_route=\/wp\/v2\/posts\/185345","targetHints":{"allow":["GET"]}}],"collection":[{"href":"https:\/\/diarioregionaldigital.com.br\/index.php?rest_route=\/wp\/v2\/posts"}],"about":[{"href":"https:\/\/diarioregionaldigital.com.br\/index.php?rest_route=\/wp\/v2\/types\/post"}],"author":[{"embeddable":true,"href":"https:\/\/diarioregionaldigital.com.br\/index.php?rest_route=\/wp\/v2\/users\/246"}],"replies":[{"embeddable":true,"href":"https:\/\/diarioregionaldigital.com.br\/index.php?rest_route=%2Fwp%2Fv2%2Fcomments&post=185345"}],"version-history":[{"count":1,"href":"https:\/\/diarioregionaldigital.com.br\/index.php?rest_route=\/wp\/v2\/posts\/185345\/revisions"}],"predecessor-version":[{"id":185347,"href":"https:\/\/diarioregionaldigital.com.br\/index.php?rest_route=\/wp\/v2\/posts\/185345\/revisions\/185347"}],"wp:featuredmedia":[{"embeddable":true,"href":"https:\/\/diarioregionaldigital.com.br\/index.php?rest_route=\/wp\/v2\/media\/185346"}],"wp:attachment":[{"href":"https:\/\/diarioregionaldigital.com.br\/index.php?rest_route=%2Fwp%2Fv2%2Fmedia&parent=185345"}],"wp:term":[{"taxonomy":"category","embeddable":true,"href":"https:\/\/diarioregionaldigital.com.br\/index.php?rest_route=%2Fwp%2Fv2%2Fcategories&post=185345"},{"taxonomy":"post_tag","embeddable":true,"href":"https:\/\/diarioregionaldigital.com.br\/index.php?rest_route=%2Fwp%2Fv2%2Ftags&post=185345"}],"curies":[{"name":"wp","href":"https:\/\/api.w.org\/{rel}","templated":true}]}}