{"id":185336,"date":"2021-07-14T17:41:21","date_gmt":"2021-07-14T20:41:21","guid":{"rendered":"https:\/\/diarioregionaldigital.com.br\/?p=185336"},"modified":"2021-07-14T17:41:21","modified_gmt":"2021-07-14T20:41:21","slug":"aeb-preve-aumento-das-exportacoes-e-importacoes-e-superavit-recorde","status":"publish","type":"post","link":"https:\/\/diarioregionaldigital.com.br\/?p=185336","title":{"rendered":"AEB prev\u00ea aumento das exporta\u00e7\u00f5es e importa\u00e7\u00f5es e super\u00e1vit recorde"},"content":{"rendered":"<p>A Associa\u00e7\u00e3o de Com\u00e9rcio Exterior do Brasil (AEB) divulgou hoje (14) suas previs\u00f5es para a balan\u00e7a comercial deste ano. Segundo a AEB, as exporta\u00e7\u00f5es dever\u00e3o ficar em torno de US$ 2 70,052 bilh\u00f5es, com aumento de 28,7% em rela\u00e7\u00e3o aos US$ 209,817 bilh\u00f5es efetivados em 2020, e as importa\u00e7\u00f5es, em US$ 202,051 bilh\u00f5es, com expans\u00e3o de 27,1% sobre os US$158,930 bilh\u00f5es alcan\u00e7ados em 2020. Para a entidade, haver\u00e1 super\u00e1vit de US$ 68,001 bilh\u00f5es, mais 33,6% em rela\u00e7\u00e3o aos US$ 50,887 bilh\u00f5es apurados no ano passado.<\/p>\n<p>De acordo com a AEB, os aumentos projetados para as exporta\u00e7\u00f5es e importa\u00e7\u00f5es refletir\u00e3o de forma positiva no c\u00e1lculo do Produto Interno Bruto (PIB, soma dos produtos e servi\u00e7os produzidos no pa\u00eds) de 2021.<\/p>\n<p>Segundo o presidente executivo da AEB, Jos\u00e9 Augusto de Castro, a forte eleva\u00e7\u00e3o dos pre\u00e7os das commodities (produtos agr\u00edcolas e minerais comercializados no mercado externo), especialmente petr\u00f3leo e min\u00e9rio de ferro, explica o crescimento projetado para as exporta\u00e7\u00f5es. O peso do petr\u00f3leo em bruto, do min\u00e9rio de ferro e da soja em gr\u00e3o na pauta de exporta\u00e7\u00e3o brasileira passou de 35%, no ano passado, para 41%, este ano. Do lado das importa\u00e7\u00f5es, o fato de v\u00e1rios produtos n\u00e3o estarem sendo fabricada atualmente no pa\u00eds para suprir o mercado interno, como pe\u00e7as e componentes, responde pelo incremento das vendas externas ao Brasil, disse Castro \u00e0 Ag\u00eancia Brasil.<\/p>\n<p>Quanto ao super\u00e1vit, Castro disse que, se for confirmado, constituir\u00e1 novo recorde, superando o recorde de 2017, de US$ 67 bilh\u00f5es. A corrente de com\u00e9rcio, projetada em US$ 472,103 bilh\u00f5es para 2021, ficar\u00e1 pr\u00f3xima do recorde atual de US$ 482,292 bilh\u00f5es, apurado em 2011.<\/p>\n<p><strong>Custo Brasil<br \/>\n<\/strong><br \/>\nO presidente da AEB afirmou que o c\u00e2mbio n\u00e3o est\u00e1 afetando de forma alguma a balan\u00e7a comercial brasileira: \u201cnem positivo, nem negativo. N\u00e3o est\u00e1 nem estimulando a exporta\u00e7\u00e3o de manufaturados, nem as importa\u00e7\u00f5es. Est\u00e1 neutro\u201d. Para Castro, o c\u00e2mbio n\u00e3o \u00e9 suficiente para deixar a balan\u00e7a competitiva.<\/p>\n<p>Na opini\u00e3o de Castro, o principal problema do pa\u00eds \u00e9 o elevado custo Brasil. \u201cEstamos exportando basicamente commodities, e o custo Brasil afeta os manufaturados. Sem o custo Brasil, exportar\u00edamos mais manufaturados, e isso geraria mais empregos no pa\u00eds\u201d. O presidente executivo da AEB disse esperar que o custo Brasil se reduza para que aumentem as exporta\u00e7\u00f5es de produtos manufaturados, de maior valor agregado. Ele acrescentou que a reforma tribut\u00e1ria ajudar\u00e1 a diminuir o custo Brasil.<\/p>\n<p>Ele acrescentou que, al\u00e9m disso, a aus\u00eancia de reformas estruturais e o custo Brasil s\u00e3o respons\u00e1veis pelo fato de as exporta\u00e7\u00f5es de produtos manufaturados terem hoje valor nominal inferior ao exportado em 2007.<\/p>\n<p>A previs\u00e3o anterior da AEB para o ano de 2021 foi divulgada em 16 de dezembro do ano passado e mostrou os seguintes dados: exporta\u00e7\u00e3o de US$ 237,334 bilh\u00f5es, importa\u00e7\u00e3o de US$ 168,316 bilh\u00f5es e super\u00e1vit de US$ 69,018 bilh\u00f5es.<\/p>\n<p><span style=\"font-weight: 400;\">Fonte: Ag\u00eancia Brasil <\/span><\/p>\n","protected":false},"excerpt":{"rendered":"<p>A Associa\u00e7\u00e3o de Com\u00e9rcio Exterior do Brasil (AEB) divulgou hoje (14) suas previs\u00f5es para a balan\u00e7a comercial deste ano. Segundo a AEB, as exporta\u00e7\u00f5es dever\u00e3o ficar em torno de US$ 2 70,052 bilh\u00f5es, com aumento de 28,7% em rela\u00e7\u00e3o aos US$ 209,817 bilh\u00f5es efetivados em 2020, e as importa\u00e7\u00f5es, em US$ 202,051 bilh\u00f5es, com expans\u00e3o [&hellip;]<\/p>\n","protected":false},"author":246,"featured_media":185337,"comment_status":"closed","ping_status":"closed","sticky":false,"template":"","format":"standard","meta":{"footnotes":""},"categories":[436,261,439],"tags":[],"class_list":["post-185336","post","type-post","status-publish","format-standard","has-post-thumbnail","hentry","category-destaque-da-semana","category-economia","category-ultima-hora"],"_links":{"self":[{"href":"https:\/\/diarioregionaldigital.com.br\/index.php?rest_route=\/wp\/v2\/posts\/185336","targetHints":{"allow":["GET"]}}],"collection":[{"href":"https:\/\/diarioregionaldigital.com.br\/index.php?rest_route=\/wp\/v2\/posts"}],"about":[{"href":"https:\/\/diarioregionaldigital.com.br\/index.php?rest_route=\/wp\/v2\/types\/post"}],"author":[{"embeddable":true,"href":"https:\/\/diarioregionaldigital.com.br\/index.php?rest_route=\/wp\/v2\/users\/246"}],"replies":[{"embeddable":true,"href":"https:\/\/diarioregionaldigital.com.br\/index.php?rest_route=%2Fwp%2Fv2%2Fcomments&post=185336"}],"version-history":[{"count":1,"href":"https:\/\/diarioregionaldigital.com.br\/index.php?rest_route=\/wp\/v2\/posts\/185336\/revisions"}],"predecessor-version":[{"id":185338,"href":"https:\/\/diarioregionaldigital.com.br\/index.php?rest_route=\/wp\/v2\/posts\/185336\/revisions\/185338"}],"wp:featuredmedia":[{"embeddable":true,"href":"https:\/\/diarioregionaldigital.com.br\/index.php?rest_route=\/wp\/v2\/media\/185337"}],"wp:attachment":[{"href":"https:\/\/diarioregionaldigital.com.br\/index.php?rest_route=%2Fwp%2Fv2%2Fmedia&parent=185336"}],"wp:term":[{"taxonomy":"category","embeddable":true,"href":"https:\/\/diarioregionaldigital.com.br\/index.php?rest_route=%2Fwp%2Fv2%2Fcategories&post=185336"},{"taxonomy":"post_tag","embeddable":true,"href":"https:\/\/diarioregionaldigital.com.br\/index.php?rest_route=%2Fwp%2Fv2%2Ftags&post=185336"}],"curies":[{"name":"wp","href":"https:\/\/api.w.org\/{rel}","templated":true}]}}