{"id":185333,"date":"2021-07-14T17:38:48","date_gmt":"2021-07-14T20:38:48","guid":{"rendered":"https:\/\/diarioregionaldigital.com.br\/?p=185333"},"modified":"2021-07-14T17:38:48","modified_gmt":"2021-07-14T20:38:48","slug":"ministerio-eleva-previsao-de-crescimento-economico-para-53-em-2021","status":"publish","type":"post","link":"https:\/\/diarioregionaldigital.com.br\/?p=185333","title":{"rendered":"Minist\u00e9rio eleva previs\u00e3o de crescimento econ\u00f4mico para 5,3% em 2021"},"content":{"rendered":"<p>A Secretaria de Pol\u00edtica Econ\u00f4mica (SPE) do Minist\u00e9rio da Economia aumentou a proje\u00e7\u00e3o para o crescimento da economia este ano e tamb\u00e9m para a infla\u00e7\u00e3o. As estimativas est\u00e3o no Boletim Macrofiscal divulgado hoje (14).<\/p>\n<p>A proje\u00e7\u00e3o para o crescimento do Produto Interno Bruto (PIB, a soma de todos os bens e servi\u00e7os produzidos no pa\u00eds) passou de 3,5% para 5,3% em 2021, em rela\u00e7\u00e3o ao \u00faltimo boletim, divulgado em maio.<\/p>\n<p>O aumento se deve \u00e0 incorpora\u00e7\u00e3o do resultado positivo do primeiro trimestre do ano, que \u201cfoi melhor que o esperado\u201d, com alta de 1,2% na compara\u00e7\u00e3o com o trimestre imediatamente anterior, com ajuste sazonal, e superou as estimativas de mercado. \u201cEsse avan\u00e7o se soma \u00e0 retomada do crescimento observada nos dois trimestres anteriores, mesmo com o recrudescimento da pandemia de covid-19 no in\u00edcio deste ano\u201d, diz o boletim.<\/p>\n<p>De acordo com o documento, os indicadores de confian\u00e7a refletem melhoras nas expectativas dos empres\u00e1rios, com crescimento em todos as \u00e1reas, em especial no setor de servi\u00e7os, e boas perspectivas para o segundo semestre, dado o avan\u00e7o da vacina\u00e7\u00e3o da popula\u00e7\u00e3o e redu\u00e7\u00e3o do distanciamento social. \u201cConforme o avan\u00e7o da vacina\u00e7\u00e3o em massa, projeta-se crescimento do setor de servi\u00e7os no segundo trimestre de 2021, que \u00e9 de import\u00e2ncia crucial para a retomada da atividade, do emprego e da renda da popula\u00e7\u00e3o brasileira\u201d, diz o documento.<\/p>\n<p>A retomada do investimento em 2021 tamb\u00e9m \u00e9 destaque, com alta de 43,6% na produ\u00e7\u00e3o de bens de capital no acumulado do ano at\u00e9 maio deste ano, frente ao mesmo per\u00edodo do ano anterior. Segundo o boletim, essa recupera\u00e7\u00e3o contribuir\u00e1 para a amplia\u00e7\u00e3o da capacidade produtiva neste e nos pr\u00f3ximos anos.<\/p>\n<p>Para o secret\u00e1rio de Pol\u00edtica Econ\u00f4mica, Adolfo Sachsida, o caminho para o maior crescimento econ\u00f4mico passa ainda pela continuidade da agenda de reformas estruturais, pol\u00edticas de consolida\u00e7\u00e3o fiscal, privatiza\u00e7\u00e3o e concess\u00f5es e reformas pr\u00f3-mercado, al\u00e9m da manuten\u00e7\u00e3o do ritmo de vacina\u00e7\u00e3o. \u201cN\u00e3o h\u00e1 d\u00favidas, hoje a vacina\u00e7\u00e3o em massa \u00e9 a melhor pol\u00edtica econ\u00f4mica poss\u00edvel\u201d, disse, em coletiva virtual para apresentar os dados do boletim.<\/p>\n<p><strong>Perspectivas<br \/>\n<\/strong><br \/>\nPara os pr\u00f3ximos anos, de 2022 a 2025, a estimativa de crescimento do PIB da SPE se manteve em torno de 2,5%.<\/p>\n<p>Entretanto, h\u00e1 incertezas e, para a Economia, ainda \u00e9 necess\u00e1rio prud\u00eancia, devido aos efeitos da pandemia e da intensifica\u00e7\u00e3o do risco hidrol\u00f3gico. \u201cAs proje\u00e7\u00f5es da atividade para este e para os pr\u00f3ximos anos tornam-se particularmente sens\u00edveis \u00e0 divulga\u00e7\u00e3o dos dados e ao desenrolar dos efeitos da covid-19 e do processo de vacina\u00e7\u00e3o, principalmente considerando os seus efeitos no PIB de longo prazo. O cen\u00e1rio do setor energ\u00e9tico tamb\u00e9m \u00e9 outro componente de amplia\u00e7\u00e3o da imprevisibilidade\u201d, diz o boletim.<\/p>\n<p>Para Sachsida, \u00e9 importante tamb\u00e9m iniciar um debate na sociedade sobre os custos de longo prazo da pandemia, como o capital humano, o endividamento das fam\u00edlias, empresas e governo, os choques na sa\u00fade p\u00fablica e a pobreza.<\/p>\n<p>\u201cUm jovem de 16 anos, se era jovem pobre, ficou ano passado e esse ano sem estudar, perdeu dois anos de educa\u00e7\u00e3o pelo resto da vida. Esse \u00e9 um tremendo choque na forma\u00e7\u00e3o de capital humano. E n\u00e3o h\u00e1 culpado, a pandemia gerou isso\u201d, disse. \u201cA pobreza \u00e9 um custo de longo prazo da pandemia, Infelizmente, aumentou a pobreza no mundo inteiro e n\u00e3o foi diferente com o Brasil, por isso precisamos de um programa mais robusto de combate a pobreza\u201d, completou.<\/p>\n<p><strong>Infla\u00e7\u00e3o<br \/>\n<\/strong><br \/>\nA proje\u00e7\u00e3o de infla\u00e7\u00e3o da SPE pelo \u00cdndice Nacional de Pre\u00e7os ao Consumidor Amplo (IPCA) para 2021 subiu de 5,05% para 5,9%. O valor encontra-se acima da meta de infla\u00e7\u00e3o, definida pelo Conselho Monet\u00e1rio Nacional, de 3,75% para o ano, bem como acima do limite superior do intervalo de toler\u00e2ncia, de 1,5 ponto percentual, ou seja, 5,25%. \u201cNo entanto, a expectativa de infla\u00e7\u00e3o de mercado no m\u00e9dio prazo encontra-se ancorada e a proje\u00e7\u00e3o do IPCA, neste boletim, converge para o centro da meta a partir de 2022 (3,5%)\u201d, diz o documento.<\/p>\n<p>A infla\u00e7\u00e3o de junho, \u00faltimo m\u00eas divulgado pelo Instituto Brasileiro de Geografia e Estat\u00edstica (IBGE), foi de 0,53%, 0,3 ponto percentual abaixo da taxa de maio (0,83%). Em 12 meses, o \u00edndice acumula alta de 8,35%.<\/p>\n<p>De acordo com a secretaria, o IPCA tem sido impactado mais fortemente pelas varia\u00e7\u00f5es ocorridas nos pre\u00e7os dos itens monitorados, ou seja, produtos como gasolina, g\u00e1s de botij\u00e3o e medicamentos. No acumulado em 12 meses at\u00e9 junho, esse grupo registrou aumento de 13%. \u201cEsse aumento \u00e9 decorrente de eleva\u00e7\u00f5es significativas nos pre\u00e7os dos combust\u00edveis e energia el\u00e9trica, diante das altera\u00e7\u00f5es nas bandeiras tarif\u00e1rias\u201d, diz o boletim.<\/p>\n<p>O \u00cdndice Nacional de Pre\u00e7os ao Consumidor (INPC) dever\u00e1 encerrar este ano com varia\u00e7\u00e3o de 6,2%. Com participa\u00e7\u00e3o relevante dos produtos agropecu\u00e1rios, a proje\u00e7\u00e3o para o \u00cdndice Geral de Pre\u00e7os \u2013 Disponibilidade Interna (IGP-DI), que inclui tamb\u00e9m o setor atacadista e o custo da constru\u00e7\u00e3o civil, al\u00e9m do consumidor final, \u00e9 de 17,4%.<\/p>\n<p>\u201cImportante destacar que hoje a infla\u00e7\u00e3o em 12 meses \u00e9 de 8,35%. Ao fechar o ano em 5,9%, estamos mostrando \u00e9 que a infla\u00e7\u00e3o segue trajet\u00f3ria de queda\u201d, explicou o secret\u00e1rio Sachsida.<\/p>\n<p>\u201c\u00c0 medida que continuemos avan\u00e7ando na agenda econ\u00f4mica, vacinando em massa a popula\u00e7\u00e3o, aprovando reformas pro mercado e melhorando a consolida\u00e7\u00e3o fiscal, essa trajet\u00f3ria de queda persistir\u00e1\u201d, disse.<\/p>\n<p><span style=\"font-weight: 400;\">Fonte: Ag\u00eancia Brasil <\/span><\/p>\n","protected":false},"excerpt":{"rendered":"<p>A Secretaria de Pol\u00edtica Econ\u00f4mica (SPE) do Minist\u00e9rio da Economia aumentou a proje\u00e7\u00e3o para o crescimento da economia este ano e tamb\u00e9m para a infla\u00e7\u00e3o. As estimativas est\u00e3o no Boletim Macrofiscal divulgado hoje (14). A proje\u00e7\u00e3o para o crescimento do Produto Interno Bruto (PIB, a soma de todos os bens e servi\u00e7os produzidos no pa\u00eds) [&hellip;]<\/p>\n","protected":false},"author":246,"featured_media":185334,"comment_status":"closed","ping_status":"closed","sticky":false,"template":"","format":"standard","meta":{"footnotes":""},"categories":[436,261,439],"tags":[],"class_list":["post-185333","post","type-post","status-publish","format-standard","has-post-thumbnail","hentry","category-destaque-da-semana","category-economia","category-ultima-hora"],"_links":{"self":[{"href":"https:\/\/diarioregionaldigital.com.br\/index.php?rest_route=\/wp\/v2\/posts\/185333","targetHints":{"allow":["GET"]}}],"collection":[{"href":"https:\/\/diarioregionaldigital.com.br\/index.php?rest_route=\/wp\/v2\/posts"}],"about":[{"href":"https:\/\/diarioregionaldigital.com.br\/index.php?rest_route=\/wp\/v2\/types\/post"}],"author":[{"embeddable":true,"href":"https:\/\/diarioregionaldigital.com.br\/index.php?rest_route=\/wp\/v2\/users\/246"}],"replies":[{"embeddable":true,"href":"https:\/\/diarioregionaldigital.com.br\/index.php?rest_route=%2Fwp%2Fv2%2Fcomments&post=185333"}],"version-history":[{"count":1,"href":"https:\/\/diarioregionaldigital.com.br\/index.php?rest_route=\/wp\/v2\/posts\/185333\/revisions"}],"predecessor-version":[{"id":185335,"href":"https:\/\/diarioregionaldigital.com.br\/index.php?rest_route=\/wp\/v2\/posts\/185333\/revisions\/185335"}],"wp:featuredmedia":[{"embeddable":true,"href":"https:\/\/diarioregionaldigital.com.br\/index.php?rest_route=\/wp\/v2\/media\/185334"}],"wp:attachment":[{"href":"https:\/\/diarioregionaldigital.com.br\/index.php?rest_route=%2Fwp%2Fv2%2Fmedia&parent=185333"}],"wp:term":[{"taxonomy":"category","embeddable":true,"href":"https:\/\/diarioregionaldigital.com.br\/index.php?rest_route=%2Fwp%2Fv2%2Fcategories&post=185333"},{"taxonomy":"post_tag","embeddable":true,"href":"https:\/\/diarioregionaldigital.com.br\/index.php?rest_route=%2Fwp%2Fv2%2Ftags&post=185333"}],"curies":[{"name":"wp","href":"https:\/\/api.w.org\/{rel}","templated":true}]}}