{"id":185330,"date":"2021-07-14T17:35:56","date_gmt":"2021-07-14T20:35:56","guid":{"rendered":"https:\/\/diarioregionaldigital.com.br\/?p=185330"},"modified":"2021-07-14T17:35:56","modified_gmt":"2021-07-14T20:35:56","slug":"ipea-inflacao-desacelera-para-todas-as-faixas-de-renda-em-junho","status":"publish","type":"post","link":"https:\/\/diarioregionaldigital.com.br\/?p=185330","title":{"rendered":"Ipea: infla\u00e7\u00e3o desacelera para todas as faixas de renda em junho"},"content":{"rendered":"<p>O Indicador de Infla\u00e7\u00e3o por Faixa de Renda apontou desacelera\u00e7\u00e3o da taxa de infla\u00e7\u00e3o para todas as faixas de renda no m\u00eas\u00a0de junho.\u00a0<img decoding=\"async\" src=\"https:\/\/agenciabrasil.ebc.com.br\/ebc.png?id=1415421&amp;o=node\" \/><img decoding=\"async\" src=\"https:\/\/agenciabrasil.ebc.com.br\/ebc.gif?id=1415421&amp;o=node\" \/><\/p>\n<p>O\u00a0estudo\u00a0mostrou\u00a0que, apesar da redu\u00e7\u00e3o generalizada na compara\u00e7\u00e3o com maio deste ano, a infla\u00e7\u00e3o das fam\u00edlias de renda muito baixa continua maior que a registrada na faixa de renda alta pelo terceiro m\u00eas consecutivo, com taxas de 0,62% para as fam\u00edlias que recebem menos de R$ 1.650,50 e de 0,39% para os domic\u00edlios com renda maior de R$ 16.509,66.<\/p>\n<p>O levantamento\u00a0foi divulgado\u00a0hoje\u00a0(14)\u00a0pelo Instituto de Pesquisa Econ\u00f4mica Aplicada (Ipea).<\/p>\n<p>O grupo habita\u00e7\u00e3o, assim como no m\u00eas anterior, continuou sendo o segmento que mais contribuiu para a press\u00e3o inflacion\u00e1ria em junho, impactado pelo reajuste das tarifas de energia el\u00e9trica e, em menor escala, pelos aumentos do g\u00e1s de botij\u00e3o e do g\u00e1s encanado.<\/p>\n<p>Segundo o Ipea, no caso da energia, a varia\u00e7\u00e3o de 1,95%, em junho, reflete o acionamento da bandeira vermelha patamar 2, al\u00e9m da recomposi\u00e7\u00e3o tarif\u00e1ria registrada em Curitiba.<\/p>\n<p>As varia\u00e7\u00f5es do g\u00e1s de botij\u00e3o e do g\u00e1s encanado, por sua vez, continuam influenciadas pela alta dos pre\u00e7os internacionais e j\u00e1 acumulam varia\u00e7\u00f5es de 16% e 14,2% no ano, respectivamente.<\/p>\n<p>De acordo com o levantamento, o segundo grupo que mais contribuiu para a alta da infla\u00e7\u00e3o das fam\u00edlias de renda muito baixa foi o de alimenta\u00e7\u00e3o e bebidas. Mesmo diante da defla\u00e7\u00e3o apresentada em itens importantes, como cereais (-0,73%), tub\u00e9rculos (-11,2%) e frutas (-2,7%), o segmento foi impactado pelas altas das carnes (1,3%), das aves e ovos (1,6%) e dos leites e derivados (2,2%).<\/p>\n<p>J\u00e1 as fam\u00edlias de alta renda foram impactadas pelo segmento de transportes, sendo que as quedas nas passagens a\u00e9reas (-5,6%) e nos transportes por aplicativo (-0,95%) n\u00e3o conseguiram anular os efeitos dos aumentos da gasolina (0,7%) e do etanol (2,1%).<\/p>\n<p>Na compara\u00e7\u00e3o com junho de 2020, a pesquisa mostrou que a infla\u00e7\u00e3o no mesmo m\u00eas de 2021 foi mais elevada para todos os segmentos de renda, sendo que a alta foi mais significativa foi para as fam\u00edlias de menor renda.<\/p>\n<p>Segundo o Ipea, apesar da alta maior dos alimentos no domic\u00edlio em 2020, a infla\u00e7\u00e3o das fam\u00edlias de renda mais baixa havia sido beneficiada pelas quedas dos pre\u00e7os da energia (-0,34%), do vestu\u00e1rio (-0,46%) e dos artigos de limpeza (-0,19%), ocorridas no ano passado.<\/p>\n<p>J\u00e1 para as fam\u00edlias com maior renda, a menor alta inflacion\u00e1ria em 2020 foi causada, principalmente, pelas defla\u00e7\u00f5es das passagens a\u00e9reas (-26%), dos transportes por aplicativo (-14%) e das despesas com recrea\u00e7\u00e3o (-0,43%)<\/p>\n<p>\u201cOs dados acumulados em doze meses mostram que, apesar da acelera\u00e7\u00e3o inflacion\u00e1ria generalizada para todas as faixas de renda, a taxa de infla\u00e7\u00e3o das fam\u00edlias de renda muito baixa (9,2%) segue em patamar acima da observada na faixa de renda alta (6,5%), ainda pressionada pelas altas de 15,3% dos alimentos no domic\u00edlio, de 16,2% da energia el\u00e9trica e de 24,2% do g\u00e1s de botij\u00e3o no per\u00edodo. J\u00e1 para as fam\u00edlias de renda mais alta, boa parte dessa infla\u00e7\u00e3o acumulada vem do reajuste de 43,9% dos combust\u00edveis no per\u00edodo\u201d, informou o Ipea.<\/p>\n<p><span style=\"font-weight: 400;\">Fonte: Ag\u00eancia Brasil <\/span><\/p>\n","protected":false},"excerpt":{"rendered":"<p>O Indicador de Infla\u00e7\u00e3o por Faixa de Renda apontou desacelera\u00e7\u00e3o da taxa de infla\u00e7\u00e3o para todas as faixas de renda no m\u00eas\u00a0de junho.\u00a0 O\u00a0estudo\u00a0mostrou\u00a0que, apesar da redu\u00e7\u00e3o generalizada na compara\u00e7\u00e3o com maio deste ano, a infla\u00e7\u00e3o das fam\u00edlias de renda muito baixa continua maior que a registrada na faixa de renda alta pelo terceiro m\u00eas [&hellip;]<\/p>\n","protected":false},"author":246,"featured_media":185331,"comment_status":"closed","ping_status":"closed","sticky":false,"template":"","format":"standard","meta":{"footnotes":""},"categories":[436,261],"tags":[],"class_list":["post-185330","post","type-post","status-publish","format-standard","has-post-thumbnail","hentry","category-destaque-da-semana","category-economia"],"_links":{"self":[{"href":"https:\/\/diarioregionaldigital.com.br\/index.php?rest_route=\/wp\/v2\/posts\/185330","targetHints":{"allow":["GET"]}}],"collection":[{"href":"https:\/\/diarioregionaldigital.com.br\/index.php?rest_route=\/wp\/v2\/posts"}],"about":[{"href":"https:\/\/diarioregionaldigital.com.br\/index.php?rest_route=\/wp\/v2\/types\/post"}],"author":[{"embeddable":true,"href":"https:\/\/diarioregionaldigital.com.br\/index.php?rest_route=\/wp\/v2\/users\/246"}],"replies":[{"embeddable":true,"href":"https:\/\/diarioregionaldigital.com.br\/index.php?rest_route=%2Fwp%2Fv2%2Fcomments&post=185330"}],"version-history":[{"count":1,"href":"https:\/\/diarioregionaldigital.com.br\/index.php?rest_route=\/wp\/v2\/posts\/185330\/revisions"}],"predecessor-version":[{"id":185332,"href":"https:\/\/diarioregionaldigital.com.br\/index.php?rest_route=\/wp\/v2\/posts\/185330\/revisions\/185332"}],"wp:featuredmedia":[{"embeddable":true,"href":"https:\/\/diarioregionaldigital.com.br\/index.php?rest_route=\/wp\/v2\/media\/185331"}],"wp:attachment":[{"href":"https:\/\/diarioregionaldigital.com.br\/index.php?rest_route=%2Fwp%2Fv2%2Fmedia&parent=185330"}],"wp:term":[{"taxonomy":"category","embeddable":true,"href":"https:\/\/diarioregionaldigital.com.br\/index.php?rest_route=%2Fwp%2Fv2%2Fcategories&post=185330"},{"taxonomy":"post_tag","embeddable":true,"href":"https:\/\/diarioregionaldigital.com.br\/index.php?rest_route=%2Fwp%2Fv2%2Ftags&post=185330"}],"curies":[{"name":"wp","href":"https:\/\/api.w.org\/{rel}","templated":true}]}}