{"id":185323,"date":"2021-07-14T17:15:59","date_gmt":"2021-07-14T20:15:59","guid":{"rendered":"https:\/\/diarioregionaldigital.com.br\/?p=185323"},"modified":"2021-07-14T17:15:59","modified_gmt":"2021-07-14T20:15:59","slug":"pcmg-prende-suspeito-por-trafico-e-apreende-mais-de-350-pinos-de-cocaina","status":"publish","type":"post","link":"https:\/\/diarioregionaldigital.com.br\/?p=185323","title":{"rendered":"PCMG prende suspeito por tr\u00e1fico e apreende mais de 350 pinos de coca\u00edna"},"content":{"rendered":"<p>Na ter\u00e7a-feira (13\/7), a Pol\u00edcia Civil de Minas Gerais desencadeou uma opera\u00e7\u00e3o visando combater o tr\u00e1fico il\u00edcito de drogas, na Zona Sul do munic\u00edpio de Juiz de Fora, na Zona da Mata mineira. Ap\u00f3s trabalhos investigativos, policiais civis da Delegacia de Combate ao Narcotr\u00e1fico prenderam um homem de 46 anos, suspeito de praticar o crime de tr\u00e1fico de drogas. Na a\u00e7\u00e3o, tamb\u00e9m foram apreendidos 352 pinos de coca\u00edna, no bairro Santa Luzia.<\/p>\n<p>Conforme informa\u00e7\u00f5es da assessoria, as apura\u00e7\u00f5es indicaram que o investigado realizava a mercancia de drogas em uma das mais movimentadas avenidas do bairro. \u201cE escondia as drogas em uma ca\u00e7amba de entulhos para n\u00e3o ser abordado na posse dos entorpecentes\u201d, explicou o delegado Rafael Gomes.<\/p>\n<p>O homem foi encaminhado ao sistema prisional, permanecendo \u00e0 disposi\u00e7\u00e3o da Justi\u00e7a. As investiga\u00e7\u00f5es prosseguem com o intuito de apurar a exist\u00eancia de outros suspeitos envolvidos na pr\u00e1tica criminosa.<\/p>\n","protected":false},"excerpt":{"rendered":"<p>Na ter\u00e7a-feira (13\/7), a Pol\u00edcia Civil de Minas Gerais desencadeou uma opera\u00e7\u00e3o visando combater o tr\u00e1fico il\u00edcito de drogas, na Zona Sul do munic\u00edpio de Juiz de Fora, na Zona da Mata mineira. Ap\u00f3s trabalhos investigativos, policiais civis da Delegacia de Combate ao Narcotr\u00e1fico prenderam um homem de 46 anos, suspeito de praticar o crime [&hellip;]<\/p>\n","protected":false},"author":246,"featured_media":185325,"comment_status":"closed","ping_status":"closed","sticky":false,"template":"","format":"standard","meta":{"footnotes":""},"categories":[301,1229],"tags":[],"class_list":["post-185323","post","type-post","status-publish","format-standard","has-post-thumbnail","hentry","category-artigos-policiais","category-policial"],"_links":{"self":[{"href":"https:\/\/diarioregionaldigital.com.br\/index.php?rest_route=\/wp\/v2\/posts\/185323","targetHints":{"allow":["GET"]}}],"collection":[{"href":"https:\/\/diarioregionaldigital.com.br\/index.php?rest_route=\/wp\/v2\/posts"}],"about":[{"href":"https:\/\/diarioregionaldigital.com.br\/index.php?rest_route=\/wp\/v2\/types\/post"}],"author":[{"embeddable":true,"href":"https:\/\/diarioregionaldigital.com.br\/index.php?rest_route=\/wp\/v2\/users\/246"}],"replies":[{"embeddable":true,"href":"https:\/\/diarioregionaldigital.com.br\/index.php?rest_route=%2Fwp%2Fv2%2Fcomments&post=185323"}],"version-history":[{"count":1,"href":"https:\/\/diarioregionaldigital.com.br\/index.php?rest_route=\/wp\/v2\/posts\/185323\/revisions"}],"predecessor-version":[{"id":185326,"href":"https:\/\/diarioregionaldigital.com.br\/index.php?rest_route=\/wp\/v2\/posts\/185323\/revisions\/185326"}],"wp:featuredmedia":[{"embeddable":true,"href":"https:\/\/diarioregionaldigital.com.br\/index.php?rest_route=\/wp\/v2\/media\/185325"}],"wp:attachment":[{"href":"https:\/\/diarioregionaldigital.com.br\/index.php?rest_route=%2Fwp%2Fv2%2Fmedia&parent=185323"}],"wp:term":[{"taxonomy":"category","embeddable":true,"href":"https:\/\/diarioregionaldigital.com.br\/index.php?rest_route=%2Fwp%2Fv2%2Fcategories&post=185323"},{"taxonomy":"post_tag","embeddable":true,"href":"https:\/\/diarioregionaldigital.com.br\/index.php?rest_route=%2Fwp%2Fv2%2Ftags&post=185323"}],"curies":[{"name":"wp","href":"https:\/\/api.w.org\/{rel}","templated":true}]}}