{"id":185304,"date":"2021-07-13T16:46:59","date_gmt":"2021-07-13T19:46:59","guid":{"rendered":"https:\/\/diarioregionaldigital.com.br\/?p=185304"},"modified":"2021-07-13T16:46:59","modified_gmt":"2021-07-13T19:46:59","slug":"a-partir-de-segunda-feira-dia-19-o-demlurb-realizara-a-manutencao-da-br-440","status":"publish","type":"post","link":"https:\/\/diarioregionaldigital.com.br\/?p=185304","title":{"rendered":"A partir de segunda-feira, dia 19, o Demlurb realizar\u00e1 a manuten\u00e7\u00e3o da BR-440"},"content":{"rendered":"<p>O Departamento Municipal de Limpeza Urbana (Demlurb) da Prefeitura de Juiz de Fora (PJF) ir\u00e1 realizar a manuten\u00e7\u00e3o da BR-440, na regi\u00e3o da Cidade Alta, com servi\u00e7os de limpeza, capina e conserva\u00e7\u00e3o, a partir de segunda-feira, 19. Segundo informa\u00e7\u00f5es do site da Prefeitura de Juiz de Fora, o an\u00fancio foi feito durante audi\u00eancia p\u00fablica da C\u00e2mara Municipal de Juiz de Fora, nesta ter\u00e7a-feira, 13, pela diretora Geral do Demlurb, Gisele Pereira Teixeira. Al\u00e9m da rodovia Federal, as vias do entorno, com alto tr\u00e1fego na regi\u00e3o, tamb\u00e9m ser\u00e3o atendidas.<\/p>\n<p>De acordo com a secret\u00e1ria de Governo da PJF, Cidinha Louzada, \u201cdesde que assumiu a Prefeitura, a atual gest\u00e3o municipal vem pedindo ao DNIT que fa\u00e7a a limpeza do local ou que se posicionasse\u201d. No \u00faltimo dia 8 de julho, o Demlurb recebeu um Of\u00edcio da Unidade Local (UL) do Departamento Nacional de Infraestrutura de Transportes (DNIT), informando que \u201cas obras remanescentes de implanta\u00e7\u00e3o da BR-440\/MG est\u00e3o paralisadas desde dezembro de 2019\u201d. O documento tamb\u00e9m destaca que \u201ca empresa contratada, ap\u00f3s a paralisa\u00e7\u00e3o dos servi\u00e7os, ainda permaneceu mobilizada no segmento por curto per\u00edodo de tempo, aguardando poss\u00edvel defini\u00e7\u00e3o de rein\u00edcio dos trabalhos\u201d e \u201choje, a empresa est\u00e1 totalmente desmobilizada e a UL de Juiz de Fora n\u00e3o disp\u00f5e de meios para executar os servi\u00e7os requeridos\u201d.<\/p>\n<p>A diretora geral do Demlurb afirma que \u201co munic\u00edpio ir\u00e1 atender \u00e0 reivindica\u00e7\u00e3o do DNIT at\u00e9 que ele retome os trabalhos no local, como forma de garantir a qualidade de vida da popula\u00e7\u00e3o que reside e transita na regi\u00e3o da Cidade Alta, minimizando, assim, os impactos gerados pela paralisa\u00e7\u00e3o das obras que s\u00e3o de responsabilidade do governo Federal\u201d. Gisele refor\u00e7a que \u201cas a\u00e7\u00f5es a serem realizadas no local far\u00e3o parte da opera\u00e7\u00e3o Boniteza\u201d.<\/p>\n","protected":false},"excerpt":{"rendered":"<p>O Departamento Municipal de Limpeza Urbana (Demlurb) da Prefeitura de Juiz de Fora (PJF) ir\u00e1 realizar a manuten\u00e7\u00e3o da BR-440, na regi\u00e3o da Cidade Alta, com servi\u00e7os de limpeza, capina e conserva\u00e7\u00e3o, a partir de segunda-feira, 19. Segundo informa\u00e7\u00f5es do site da Prefeitura de Juiz de Fora, o an\u00fancio foi feito durante audi\u00eancia p\u00fablica da [&hellip;]<\/p>\n","protected":false},"author":246,"featured_media":185305,"comment_status":"closed","ping_status":"closed","sticky":false,"template":"","format":"standard","meta":{"footnotes":""},"categories":[253,436,439],"tags":[],"class_list":["post-185304","post","type-post","status-publish","format-standard","has-post-thumbnail","hentry","category-cidade","category-destaque-da-semana","category-ultima-hora"],"_links":{"self":[{"href":"https:\/\/diarioregionaldigital.com.br\/index.php?rest_route=\/wp\/v2\/posts\/185304","targetHints":{"allow":["GET"]}}],"collection":[{"href":"https:\/\/diarioregionaldigital.com.br\/index.php?rest_route=\/wp\/v2\/posts"}],"about":[{"href":"https:\/\/diarioregionaldigital.com.br\/index.php?rest_route=\/wp\/v2\/types\/post"}],"author":[{"embeddable":true,"href":"https:\/\/diarioregionaldigital.com.br\/index.php?rest_route=\/wp\/v2\/users\/246"}],"replies":[{"embeddable":true,"href":"https:\/\/diarioregionaldigital.com.br\/index.php?rest_route=%2Fwp%2Fv2%2Fcomments&post=185304"}],"version-history":[{"count":1,"href":"https:\/\/diarioregionaldigital.com.br\/index.php?rest_route=\/wp\/v2\/posts\/185304\/revisions"}],"predecessor-version":[{"id":185306,"href":"https:\/\/diarioregionaldigital.com.br\/index.php?rest_route=\/wp\/v2\/posts\/185304\/revisions\/185306"}],"wp:featuredmedia":[{"embeddable":true,"href":"https:\/\/diarioregionaldigital.com.br\/index.php?rest_route=\/wp\/v2\/media\/185305"}],"wp:attachment":[{"href":"https:\/\/diarioregionaldigital.com.br\/index.php?rest_route=%2Fwp%2Fv2%2Fmedia&parent=185304"}],"wp:term":[{"taxonomy":"category","embeddable":true,"href":"https:\/\/diarioregionaldigital.com.br\/index.php?rest_route=%2Fwp%2Fv2%2Fcategories&post=185304"},{"taxonomy":"post_tag","embeddable":true,"href":"https:\/\/diarioregionaldigital.com.br\/index.php?rest_route=%2Fwp%2Fv2%2Ftags&post=185304"}],"curies":[{"name":"wp","href":"https:\/\/api.w.org\/{rel}","templated":true}]}}