{"id":185301,"date":"2021-07-13T16:43:53","date_gmt":"2021-07-13T19:43:53","guid":{"rendered":"https:\/\/diarioregionaldigital.com.br\/?p=185301"},"modified":"2021-07-13T16:43:53","modified_gmt":"2021-07-13T19:43:53","slug":"efeitos-da-vacinacao-em-juiz-de-fora-sao-destacados-pela-prefeitura","status":"publish","type":"post","link":"https:\/\/diarioregionaldigital.com.br\/?p=185301","title":{"rendered":"Efeitos da vacina\u00e7\u00e3o em Juiz de Fora s\u00e3o destacados pela Prefeitura"},"content":{"rendered":"<p>Na manh\u00e3 desta ter\u00e7a-feira, 13, em uma coletiva de imprensa realizada, a secret\u00e1ria de Sa\u00fade, Ana Pimentel, e a secret\u00e1ria de Governo, Cidinha Louzada, destacaram os efeitos positivos da imuniza\u00e7\u00e3o contra a Covid-19.<\/p>\n<p>Segundo informa\u00e7\u00f5es do site da Prefeitura de Juiz de Fora, no balan\u00e7o, Ana Pimentel sublinhou que a campanha de imuniza\u00e7\u00e3o contra o coronav\u00edrus j\u00e1 apresenta efeitos positivos na taxa de ocupa\u00e7\u00e3o de leitos. De acordo com a chefe da pasta, desde que teve in\u00edcio a vacina\u00e7\u00e3o por faixas et\u00e1rias, a ocupa\u00e7\u00e3o dos leitos de enfermaria e UTI vem caindo, melhorando os \u00edndices do munic\u00edpio.<\/p>\n<p>\u201cPercebemos uma melhora nas taxas de ocupa\u00e7\u00e3o dos leitos e uma queda das interna\u00e7\u00f5es. A vacina \u00e9 um ato coletivo, n\u00e3o individual. Quando elaboramos uma campanha de imuniza\u00e7\u00e3o, estamos pensando no bem comum, em que todos sejam beneficiados. Por mais que a vacina proteja uma pessoa, ela est\u00e1, na verdade, protegendo todas as pessoas\u201d.<\/p>\n<p>Para a Secret\u00e1ria de Governo, Cidinha Louzada, esse \u00e9 um momento importante para os juiz-foranos conhecerem o Sistema \u00danico de Sa\u00fade (SUS) e valorizarem as equipes de profissionais que se dedicam diariamente \u00e0 campanha. \u201cUma \u00fanica dose aplicada envolve diversos profissionais, que atuam na log\u00edstica, desde o transporte, at\u00e9 a aplica\u00e7\u00e3o do imunizante. Esse \u00e9 um tempo em que pessoas que nunca usaram o SUS, porque sempre tiveram condi\u00e7\u00f5es de ir a um posto particular, est\u00e3o utilizando de um sistema que \u00e9 universal e para todos e todas. Isso est\u00e1 fazendo com que muitos cidad\u00e3os passem a conhecer a sa\u00fade brasileira e como \u00e9 importante defend\u00ea-la\u201d, ressalta.<\/p>\n<p>At\u00e9 a \u00faltima segunda-feira, 12, Juiz de Fora aplicou mais de 379 mil vacinas contra a Covid-19 e j\u00e1 havia atingido o n\u00famero de 110 mil pessoas que receberam as duas doses ou a vacina de dose \u00fanica, completando a imuniza\u00e7\u00e3o.<\/p>\n<p>A vacina\u00e7\u00e3o contra Covid-19 acontece 50 pontos espalhados por todas as regi\u00f5es da cidade, como nas UBSs, no Sport Club, Departamento de Sa\u00fade do Idoso (DSI), Departamento de Sa\u00fade da Mulher Crian\u00e7a e Adolescente (DSMCA), al\u00e9m outros locais que frequentemente refor\u00e7am a vacina\u00e7\u00e3o aos s\u00e1bados, casos do Pam Marechal e estacionamento da Faculdade de Educa\u00e7\u00e3o (Faced) da UFJF. O calend\u00e1rio de vacina\u00e7\u00e3o pode ser\u00a0<a href=\"https:\/\/covid19.pjf.mg.gov.br\/calendario-de-vacinacao.php\"><b>conferido aqui.<\/b><\/a><\/p>\n","protected":false},"excerpt":{"rendered":"<p>Na manh\u00e3 desta ter\u00e7a-feira, 13, em uma coletiva de imprensa realizada, a secret\u00e1ria de Sa\u00fade, Ana Pimentel, e a secret\u00e1ria de Governo, Cidinha Louzada, destacaram os efeitos positivos da imuniza\u00e7\u00e3o contra a Covid-19. Segundo informa\u00e7\u00f5es do site da Prefeitura de Juiz de Fora, no balan\u00e7o, Ana Pimentel sublinhou que a campanha de imuniza\u00e7\u00e3o contra o [&hellip;]<\/p>\n","protected":false},"author":246,"featured_media":185302,"comment_status":"closed","ping_status":"closed","sticky":false,"template":"","format":"standard","meta":{"footnotes":""},"categories":[253,440,439],"tags":[],"class_list":["post-185301","post","type-post","status-publish","format-standard","has-post-thumbnail","hentry","category-cidade","category-destaques-do-dia","category-ultima-hora"],"_links":{"self":[{"href":"https:\/\/diarioregionaldigital.com.br\/index.php?rest_route=\/wp\/v2\/posts\/185301","targetHints":{"allow":["GET"]}}],"collection":[{"href":"https:\/\/diarioregionaldigital.com.br\/index.php?rest_route=\/wp\/v2\/posts"}],"about":[{"href":"https:\/\/diarioregionaldigital.com.br\/index.php?rest_route=\/wp\/v2\/types\/post"}],"author":[{"embeddable":true,"href":"https:\/\/diarioregionaldigital.com.br\/index.php?rest_route=\/wp\/v2\/users\/246"}],"replies":[{"embeddable":true,"href":"https:\/\/diarioregionaldigital.com.br\/index.php?rest_route=%2Fwp%2Fv2%2Fcomments&post=185301"}],"version-history":[{"count":1,"href":"https:\/\/diarioregionaldigital.com.br\/index.php?rest_route=\/wp\/v2\/posts\/185301\/revisions"}],"predecessor-version":[{"id":185303,"href":"https:\/\/diarioregionaldigital.com.br\/index.php?rest_route=\/wp\/v2\/posts\/185301\/revisions\/185303"}],"wp:featuredmedia":[{"embeddable":true,"href":"https:\/\/diarioregionaldigital.com.br\/index.php?rest_route=\/wp\/v2\/media\/185302"}],"wp:attachment":[{"href":"https:\/\/diarioregionaldigital.com.br\/index.php?rest_route=%2Fwp%2Fv2%2Fmedia&parent=185301"}],"wp:term":[{"taxonomy":"category","embeddable":true,"href":"https:\/\/diarioregionaldigital.com.br\/index.php?rest_route=%2Fwp%2Fv2%2Fcategories&post=185301"},{"taxonomy":"post_tag","embeddable":true,"href":"https:\/\/diarioregionaldigital.com.br\/index.php?rest_route=%2Fwp%2Fv2%2Ftags&post=185301"}],"curies":[{"name":"wp","href":"https:\/\/api.w.org\/{rel}","templated":true}]}}