{"id":185295,"date":"2021-07-13T16:36:51","date_gmt":"2021-07-13T19:36:51","guid":{"rendered":"https:\/\/diarioregionaldigital.com.br\/?p=185295"},"modified":"2021-07-13T16:36:51","modified_gmt":"2021-07-13T19:36:51","slug":"hugo-calderano-sonha-com-a-gloria-olimpica-em-toquio","status":"publish","type":"post","link":"https:\/\/diarioregionaldigital.com.br\/?p=185295","title":{"rendered":"Hugo Calderano sonha com a gl\u00f3ria ol\u00edmpica em T\u00f3quio"},"content":{"rendered":"<p>N\u00famero sete do ranking mundial e primeiro latino-americano a atingir o top 10 no t\u00eanis de mesa, Hugo Calderano parte rumo a T\u00f3quio pensando em apenas uma coisa: estar no p\u00f3dio na sua segunda Olimp\u00edada.<img decoding=\"async\" src=\"https:\/\/agenciabrasil.ebc.com.br\/ebc.png?id=1415309&amp;o=node\" \/><img decoding=\"async\" src=\"https:\/\/agenciabrasil.ebc.com.br\/ebc.gif?id=1415309&amp;o=node\" \/><\/p>\n<p>\u201cTem muita gente boa. Considero que, al\u00e9m dos chineses, ser\u00e3o uns 10 ou 12 atletas brigando por medalhas. E eu estou nesse grupo pela prepara\u00e7\u00e3o que tive\u201d, declarou o jogador em entrevista coletiva.<\/p>\n<p>Os chineses faturaram 28 das 32 medalhas de ouro que estiveram em disputa em edi\u00e7\u00f5es de Jogos Ol\u00edmpicos. A \u00faltima vez na qual o ouro n\u00e3o ficou com um representante do pa\u00eds asi\u00e1tico foi em Atenas (2004). A grande quest\u00e3o para o brasileiro \u00e9 acreditar que \u00e9 poss\u00edvel bat\u00ea-los em T\u00f3quio. \u201cA parte mental \u00e9 primordial. Minha t\u00e9cnica melhorou muito desde 2016, s\u00f3 que eles ainda s\u00e3o superiores. E \u00e9 focando nesse lado psicol\u00f3gico que muitas vezes consigo equilibrar jogos e at\u00e9 ganhar de alguns chineses. Tamb\u00e9m acredito que meu estilo de jogo \u00e9 um diferencial. Procuro ser muito agressivo. No mundo n\u00e3o deve ter ningu\u00e9m jogando assim em duelos diretos com eles. Sei que j\u00e1 perdi algumas partidas por causa disso. Mas tenho certeza de que para conquistar coisas grandes, como um ouro ol\u00edmpico, esse \u00e9 o caminho\u201d.<\/p>\n<p>Em T\u00f3quio, o brasileiro ser\u00e1 o quarto cabe\u00e7a de chave do torneio, posto que o colocar\u00e1 frente a frente com os chineses apenas em uma eventual semifinal. Para Calderano, esse \u00e9 um grande diferencial. \u201c\u00c9 tudo teoria. Mas, sim, pode ajudar bastante. \u00c9 um ponto positivo deixar esses confrontos mais dif\u00edceis para fases avan\u00e7adas do torneio. Agora, \u00e9 claro que, desde o in\u00edcio, entre os 32 melhores, se n\u00e3o entrar totalmente focado posso ser surpreendido\u201d, afirmou.<\/p>\n<p>Na reta final de prepara\u00e7\u00e3o, o campe\u00e3o do Pan-Americano de Lima em 2019 teve que deixar a cidade alem\u00e3 de Ochsenhausen no m\u00eas de maio para se recuperar de uma les\u00e3o no ombro esquerdo no CT Time Brasil no Rio de Janeiro. \u201cAtrapalhou um pouco minha prepara\u00e7\u00e3o. Mas pude voltar ao Brasil. Rever minha fam\u00edlia, algo que eu n\u00e3o fazia h\u00e1 um ano e meio. Teve uma parte positiva. Estou bem e conseguindo treinar bem\u201d, declarou o atleta.<\/p>\n<p>Al\u00e9m da competi\u00e7\u00e3o individual, Calderano participar\u00e1 do torneio por equipes ao lado de Vitor Ishiy, Gustavo Tsuboi e Eric Jouti. \u201cA gente vem muito bem, com bons resultados nas \u00faltimas competi\u00e7\u00f5es. Isso ajuda tamb\u00e9m no nosso entrosamento. Seremos cabe\u00e7as de chave n\u00famero seis e enfrentaremos um time que tem um ranking pior do que o nosso nas oitavas de final. E, como o Brasil nunca chegou \u00e0s quartas de final, se passarmos dessa primeira fase j\u00e1 seria espetacular. Somos muito unidos e temos o nosso objetivo em mente. Espero que tenhamos uma boa performance\u201d, concluiu.<\/p>\n<p><span style=\"font-weight: 400;\">Fonte: Ag\u00eancia Brasil <\/span><\/p>\n","protected":false},"excerpt":{"rendered":"<p>N\u00famero sete do ranking mundial e primeiro latino-americano a atingir o top 10 no t\u00eanis de mesa, Hugo Calderano parte rumo a T\u00f3quio pensando em apenas uma coisa: estar no p\u00f3dio na sua segunda Olimp\u00edada. \u201cTem muita gente boa. Considero que, al\u00e9m dos chineses, ser\u00e3o uns 10 ou 12 atletas brigando por medalhas. E eu [&hellip;]<\/p>\n","protected":false},"author":246,"featured_media":185296,"comment_status":"closed","ping_status":"closed","sticky":false,"template":"","format":"standard","meta":{"footnotes":""},"categories":[436,257,439],"tags":[],"class_list":["post-185295","post","type-post","status-publish","format-standard","has-post-thumbnail","hentry","category-destaque-da-semana","category-esporte","category-ultima-hora"],"_links":{"self":[{"href":"https:\/\/diarioregionaldigital.com.br\/index.php?rest_route=\/wp\/v2\/posts\/185295","targetHints":{"allow":["GET"]}}],"collection":[{"href":"https:\/\/diarioregionaldigital.com.br\/index.php?rest_route=\/wp\/v2\/posts"}],"about":[{"href":"https:\/\/diarioregionaldigital.com.br\/index.php?rest_route=\/wp\/v2\/types\/post"}],"author":[{"embeddable":true,"href":"https:\/\/diarioregionaldigital.com.br\/index.php?rest_route=\/wp\/v2\/users\/246"}],"replies":[{"embeddable":true,"href":"https:\/\/diarioregionaldigital.com.br\/index.php?rest_route=%2Fwp%2Fv2%2Fcomments&post=185295"}],"version-history":[{"count":1,"href":"https:\/\/diarioregionaldigital.com.br\/index.php?rest_route=\/wp\/v2\/posts\/185295\/revisions"}],"predecessor-version":[{"id":185297,"href":"https:\/\/diarioregionaldigital.com.br\/index.php?rest_route=\/wp\/v2\/posts\/185295\/revisions\/185297"}],"wp:featuredmedia":[{"embeddable":true,"href":"https:\/\/diarioregionaldigital.com.br\/index.php?rest_route=\/wp\/v2\/media\/185296"}],"wp:attachment":[{"href":"https:\/\/diarioregionaldigital.com.br\/index.php?rest_route=%2Fwp%2Fv2%2Fmedia&parent=185295"}],"wp:term":[{"taxonomy":"category","embeddable":true,"href":"https:\/\/diarioregionaldigital.com.br\/index.php?rest_route=%2Fwp%2Fv2%2Fcategories&post=185295"},{"taxonomy":"post_tag","embeddable":true,"href":"https:\/\/diarioregionaldigital.com.br\/index.php?rest_route=%2Fwp%2Fv2%2Ftags&post=185295"}],"curies":[{"name":"wp","href":"https:\/\/api.w.org\/{rel}","templated":true}]}}