{"id":185292,"date":"2021-07-13T16:34:54","date_gmt":"2021-07-13T19:34:54","guid":{"rendered":"https:\/\/diarioregionaldigital.com.br\/?p=185292"},"modified":"2021-07-13T16:34:54","modified_gmt":"2021-07-13T19:34:54","slug":"volei-de-praia-brasil-estreia-contra-argentina-no-dia-23-em-toquio","status":"publish","type":"post","link":"https:\/\/diarioregionaldigital.com.br\/?p=185292","title":{"rendered":"V\u00f4lei de praia: Brasil estreia contra Argentina no dia 23, em T\u00f3quio"},"content":{"rendered":"<p>O v\u00f4lei de praia brasileiro\u00a0estrear\u00e1 em 23 de julho, dia da abertura da Olimp\u00edada de T\u00f3quio (Jap\u00e3o), contra a Argentina. Todas as\u00a0<a href=\"https:\/\/en.volleyballworld.com\/en\/beachvolleyball\/olympics\/2020\/schedule#\/d20210723\">datas e hor\u00e1rios dos embates da primeira fase\u00a0<\/a>foram anunciados nesta segunda-feira (12) pela Federa\u00e7\u00e3o Internacional de Voleibol (FIVB, sigla em ingl\u00eas).\u00a0<img decoding=\"async\" src=\"https:\/\/agenciabrasil.ebc.com.br\/ebc.png?id=1415286&amp;o=node\" \/><img decoding=\"async\" src=\"https:\/\/agenciabrasil.ebc.com.br\/ebc.gif?id=1415286&amp;o=node\" \/><\/p>\n<p>Alison\/\u00c1lvaro Filho entrar\u00e3o em quadra \u00e0s 22h (hor\u00e1rio de Bras\u00edlia) contra a parceria hermana Azaad\/Capogrosso, e \u00e0s 23h \u00c1gatha\/Duda far\u00e3o o primeiro jogo contra\u00a0 Gallay\/Pereira. O restante dos jogos ocorrer\u00e1 entre 9h e 0h (hor\u00e1rio de Bras\u00edlia)<\/p>\n<p>O Brasil conta com quatro duplas em T\u00f3quo. No masculino, Alison\/\u00c1lvaro Filho est\u00e3o no grupo grupo D que, al\u00e9m da Argentina, conta com\u00a0 Brouwer\/Meeuwsen (Holanda) e Lucena\/ Dalhausser (Estados Unidos). J\u00e1\u00a0 Evandro\/Bruno Schimidt competir\u00e3o na chave E com Bryl\/Fijalek (Pol\u00f4nia), Marco Grimalt\/Esteban Grimalt (Chile) e Elgraoui\/Abisha (Marrocos).<\/p>\n<p>Na disputa feminina, \u00c1gatha\/ Duda est\u00e3o no Grupo C, juntos com\u00a0 Bansley\/Brandie (Canad\u00e1), Wang\/X.Y. Xia (China), al\u00e9m das argentinas Gallay\/Pereyra (Argentina). No Grupo D, as cabe\u00e7as de chave Ana Patr\u00edcia\/Rebecca ter\u00e3o pela frente Claes\/Spencil (EUA), Kravcenoka\/Graudina (Let\u00f4nia) e Makokha\/Khadambi (Marrocos).<\/p>\n<p><strong>Programa\u00e7\u00e3o (hor\u00e1rio de Bras\u00edlia) &#8211; 1\u00aa\u00a0Fase<\/strong><\/p>\n<p><strong>Masculino<\/strong><\/p>\n<p>23\/07 &#8211; 22h &#8211; Alison\/\u00c1lvaro Filho x Azaad\/Capogrosso (Argentina)<\/p>\n<p>24\/07 &#8211; 23h &#8211; Evandro\/Bruno Smith x Grimalti M.\/Grimalte (Chile)<\/p>\n<p>27\/07 &#8211; 0h &#8211; Alison\/\u00c1lvaro Filho x Lucena\/ Dalhausser (EUA)<\/p>\n<p>27\/07 &#8211; 3h &#8211; Evandro\/Bruno Smith x Elgraoui\/Abisha (Marrocos)<\/p>\n<p>29\/07 &#8211; 9h &#8211; Alison\/\u00c1lvaro Filho x Brouwer\/Meeuwsen (Holanda)<\/p>\n<p>30\/07 &#8211;\u00a0 9h &#8211; Bryl\/Fijalek (Pol\u00f4nia) x Evandro\/Bruno Smith<\/p>\n<p><strong>Feminino<\/strong><\/p>\n<p>23\/07 &#8211; 23h &#8211; \u00c1gatha\/Duda x Gallay\/Pereyra (ARG)<\/p>\n<p>25\/07 &#8211; 23h &#8211; Ana Patricia\/Rebecca x Makokha\/Khadambi (Marrocos)<\/p>\n<p>27\/07 &#8211; 10h &#8211; \u00c1gatha\/Duda x Wang\/X.Y. Xia (China)<\/p>\n<p>27\/07 &#8211; 23h &#8211; Ana Patr\u00edcia\/Rebecca x Kravcenoka\/Graudina (Let\u00f4nia)<\/p>\n<p>29\/07 &#8211; 9h &#8211; \u00c1gatha\/ Duda x Bansley\/Brandie (Canad\u00e1)<\/p>\n<p>30\/07 &#8211; 21h &#8211; Ana Patr\u00edcia\/Rebecca x Claes\/Spencil (EUA)<\/p>\n<p><span style=\"font-weight: 400;\">Fonte: Ag\u00eancia Brasil <\/span><\/p>\n","protected":false},"excerpt":{"rendered":"<p>O v\u00f4lei de praia brasileiro\u00a0estrear\u00e1 em 23 de julho, dia da abertura da Olimp\u00edada de T\u00f3quio (Jap\u00e3o), contra a Argentina. Todas as\u00a0datas e hor\u00e1rios dos embates da primeira fase\u00a0foram anunciados nesta segunda-feira (12) pela Federa\u00e7\u00e3o Internacional de Voleibol (FIVB, sigla em ingl\u00eas).\u00a0 Alison\/\u00c1lvaro Filho entrar\u00e3o em quadra \u00e0s 22h (hor\u00e1rio de Bras\u00edlia) contra a parceria [&hellip;]<\/p>\n","protected":false},"author":246,"featured_media":185293,"comment_status":"closed","ping_status":"closed","sticky":false,"template":"","format":"standard","meta":{"footnotes":""},"categories":[436,257,439],"tags":[],"class_list":["post-185292","post","type-post","status-publish","format-standard","has-post-thumbnail","hentry","category-destaque-da-semana","category-esporte","category-ultima-hora"],"_links":{"self":[{"href":"https:\/\/diarioregionaldigital.com.br\/index.php?rest_route=\/wp\/v2\/posts\/185292","targetHints":{"allow":["GET"]}}],"collection":[{"href":"https:\/\/diarioregionaldigital.com.br\/index.php?rest_route=\/wp\/v2\/posts"}],"about":[{"href":"https:\/\/diarioregionaldigital.com.br\/index.php?rest_route=\/wp\/v2\/types\/post"}],"author":[{"embeddable":true,"href":"https:\/\/diarioregionaldigital.com.br\/index.php?rest_route=\/wp\/v2\/users\/246"}],"replies":[{"embeddable":true,"href":"https:\/\/diarioregionaldigital.com.br\/index.php?rest_route=%2Fwp%2Fv2%2Fcomments&post=185292"}],"version-history":[{"count":1,"href":"https:\/\/diarioregionaldigital.com.br\/index.php?rest_route=\/wp\/v2\/posts\/185292\/revisions"}],"predecessor-version":[{"id":185294,"href":"https:\/\/diarioregionaldigital.com.br\/index.php?rest_route=\/wp\/v2\/posts\/185292\/revisions\/185294"}],"wp:featuredmedia":[{"embeddable":true,"href":"https:\/\/diarioregionaldigital.com.br\/index.php?rest_route=\/wp\/v2\/media\/185293"}],"wp:attachment":[{"href":"https:\/\/diarioregionaldigital.com.br\/index.php?rest_route=%2Fwp%2Fv2%2Fmedia&parent=185292"}],"wp:term":[{"taxonomy":"category","embeddable":true,"href":"https:\/\/diarioregionaldigital.com.br\/index.php?rest_route=%2Fwp%2Fv2%2Fcategories&post=185292"},{"taxonomy":"post_tag","embeddable":true,"href":"https:\/\/diarioregionaldigital.com.br\/index.php?rest_route=%2Fwp%2Fv2%2Ftags&post=185292"}],"curies":[{"name":"wp","href":"https:\/\/api.w.org\/{rel}","templated":true}]}}