{"id":185289,"date":"2021-07-13T16:31:42","date_gmt":"2021-07-13T19:31:42","guid":{"rendered":"https:\/\/diarioregionaldigital.com.br\/?p=185289"},"modified":"2021-07-13T16:31:42","modified_gmt":"2021-07-13T19:31:42","slug":"renato-gaucho-e-apresentado-oficialmente-como-tecnico-do-flamengo","status":"publish","type":"post","link":"https:\/\/diarioregionaldigital.com.br\/?p=185289","title":{"rendered":"Renato Ga\u00facho \u00e9 apresentado oficialmente como t\u00e9cnico do Flamengo"},"content":{"rendered":"<p>O t\u00e9cnico Renato Ga\u00facho foi apresentado oficialmente na tarde desta segunda-feira (12) como novo comandante do Flamengo em entrevista coletiva realizada no Ninho do Urubu. \u201cH\u00e1 uns dois, tr\u00eas anos, falei que tinha esse sonho, e hoje o estou realizando. Acho que todo treinador tem que sonhar grande e alto. Treinar o Flamengo \u00e9 a mesma coisa que treinar a sele\u00e7\u00e3o brasileira\u201d, disse.<img decoding=\"async\" src=\"https:\/\/agenciabrasil.ebc.com.br\/ebc.png?id=1415285&amp;o=node\" \/><img decoding=\"async\" src=\"https:\/\/agenciabrasil.ebc.com.br\/ebc.gif?id=1415285&amp;o=node\" \/><br \/>\nNa busca de concretizar o sonho de ser campe\u00e3o como t\u00e9cnico do time da G\u00e1vea, a estreia do treinador no banco de reservas da equipe carioca ser\u00e1 na pr\u00f3xima quarta-feira (14), quando o Rubro-Negro enfrenta o Defensa y Justicia (Argentina), pela ida das oitavas de final da Copa Libertadores.<\/p>\n<p>\u201cLembro at\u00e9 hoje de ter dado a volta ol\u00edmpica em 1987 no Maracan\u00e3 como jogador. Espero que, com esse grupo, agora como treinador, possa realizar esse sonho de ser campe\u00e3o como t\u00e9cnico\u201d.<\/p>\n<p>Al\u00e9m do torneio continental, Renato Ga\u00facho ter\u00e1 pela frente as disputas do Campeonato Brasileiro, no qual a equipe busca o tricampeonato, e da Copa do Brasil.<\/p>\n<p>Ap\u00f3s assinar com o clube da G\u00e1vea at\u00e9 o final do ano, Renato Ga\u00facho fez quest\u00e3o de reiterar sua identifica\u00e7\u00e3o com o rubro-negro. \u201cQuando eu jogava pelo Gr\u00eamio, tinha um sonho de um dia jogar no Flamengo. E pude realizar esse sonho. Agora, como treinador, vou dar continuidade a esse trabalho\u201d, concluiu.<\/p>\n<p><span style=\"font-weight: 400;\">Fonte: Ag\u00eancia Brasil <\/span><\/p>\n","protected":false},"excerpt":{"rendered":"<p>O t\u00e9cnico Renato Ga\u00facho foi apresentado oficialmente na tarde desta segunda-feira (12) como novo comandante do Flamengo em entrevista coletiva realizada no Ninho do Urubu. \u201cH\u00e1 uns dois, tr\u00eas anos, falei que tinha esse sonho, e hoje o estou realizando. Acho que todo treinador tem que sonhar grande e alto. Treinar o Flamengo \u00e9 a [&hellip;]<\/p>\n","protected":false},"author":246,"featured_media":185290,"comment_status":"closed","ping_status":"closed","sticky":false,"template":"","format":"standard","meta":{"footnotes":""},"categories":[440,257,439],"tags":[],"class_list":["post-185289","post","type-post","status-publish","format-standard","has-post-thumbnail","hentry","category-destaques-do-dia","category-esporte","category-ultima-hora"],"_links":{"self":[{"href":"https:\/\/diarioregionaldigital.com.br\/index.php?rest_route=\/wp\/v2\/posts\/185289","targetHints":{"allow":["GET"]}}],"collection":[{"href":"https:\/\/diarioregionaldigital.com.br\/index.php?rest_route=\/wp\/v2\/posts"}],"about":[{"href":"https:\/\/diarioregionaldigital.com.br\/index.php?rest_route=\/wp\/v2\/types\/post"}],"author":[{"embeddable":true,"href":"https:\/\/diarioregionaldigital.com.br\/index.php?rest_route=\/wp\/v2\/users\/246"}],"replies":[{"embeddable":true,"href":"https:\/\/diarioregionaldigital.com.br\/index.php?rest_route=%2Fwp%2Fv2%2Fcomments&post=185289"}],"version-history":[{"count":1,"href":"https:\/\/diarioregionaldigital.com.br\/index.php?rest_route=\/wp\/v2\/posts\/185289\/revisions"}],"predecessor-version":[{"id":185291,"href":"https:\/\/diarioregionaldigital.com.br\/index.php?rest_route=\/wp\/v2\/posts\/185289\/revisions\/185291"}],"wp:featuredmedia":[{"embeddable":true,"href":"https:\/\/diarioregionaldigital.com.br\/index.php?rest_route=\/wp\/v2\/media\/185290"}],"wp:attachment":[{"href":"https:\/\/diarioregionaldigital.com.br\/index.php?rest_route=%2Fwp%2Fv2%2Fmedia&parent=185289"}],"wp:term":[{"taxonomy":"category","embeddable":true,"href":"https:\/\/diarioregionaldigital.com.br\/index.php?rest_route=%2Fwp%2Fv2%2Fcategories&post=185289"},{"taxonomy":"post_tag","embeddable":true,"href":"https:\/\/diarioregionaldigital.com.br\/index.php?rest_route=%2Fwp%2Fv2%2Ftags&post=185289"}],"curies":[{"name":"wp","href":"https:\/\/api.w.org\/{rel}","templated":true}]}}