{"id":185286,"date":"2021-07-13T16:25:46","date_gmt":"2021-07-13T19:25:46","guid":{"rendered":"https:\/\/diarioregionaldigital.com.br\/?p=185286"},"modified":"2021-07-13T16:25:46","modified_gmt":"2021-07-13T19:25:46","slug":"cpi-ouve-diretora-da-precisa-medicamentos-sobre-compra-da-covaxin","status":"publish","type":"post","link":"https:\/\/diarioregionaldigital.com.br\/?p=185286","title":{"rendered":"CPI ouve diretora da Precisa Medicamentos sobre compra da Covaxin"},"content":{"rendered":"<p>Come\u00e7ou h\u00e1 pouco a reuni\u00e3o da Comiss\u00e3o Parlamentar de Inqu\u00e9rito (CPI) da Pandemia do Senado destinada a ouvir a diretora t\u00e9cnica da Precisa Medicamentos, Emanuela Medrades. A empresa teria feito intermedia\u00e7\u00e3o nas negocia\u00e7\u00f5es para compra da vacina Covaxin, do laborat\u00f3rio Bharat Biotec. Os senadores querem saber se ocorreu o \u201cpotencial beneficiamento&#8221; da Bharat Biotech, representada no Brasil pela Precisa, na negocia\u00e7\u00e3o de compra de vacinas pelo Minist\u00e9rio da Sa\u00fade, em um contrato de R$ 1,6 bilh\u00e3o para a aquisi\u00e7\u00e3o de 20 milh\u00f5es de doses da vacina.<img decoding=\"async\" src=\"https:\/\/agenciabrasil.ebc.com.br\/ebc.png?id=1415333&amp;o=node\" \/><img decoding=\"async\" src=\"https:\/\/agenciabrasil.ebc.com.br\/ebc.gif?id=1415333&amp;o=node\" \/><\/p>\n<p>A expectativa \u00e9 que a diretora permane\u00e7a em sil\u00eancio durante o depoimento desta ter\u00e7a-feira (13). Ontem (12), Emanuela pediu ao Supremo Tribunal Federal (STF) um\u00a0<em>habeas corpus<\/em>\u00a0para n\u00e3o comparecer e depor \u00e0\u00a0CPI. O pedido foi negado pelo presidente do STF, Luiz Fux. O ministro decidiu, no entanto,\u00a0que Emanuela tem o direito de n\u00e3o produzir prova contra si.<\/p>\n<p>A reuni\u00e3o foi marcada para come\u00e7ar as 9h, mas s\u00f3 teve in\u00edcio por volta das 10h20. Ap\u00f3s a abertura dos trabalhos, a diretora chegou \u00e0 CPI\u00a0por volta das 10h50. Para o presidente da comiss\u00e3o, Omar Aziz (PSD-AM), Emanuela agiu conforme orienta\u00e7\u00e3o dos seus advogados.\u00a0\u201cOs advogados est\u00e3o aconselhando ela a n\u00e3o responder \u00e9 isso que est\u00e1 acontecendo. Mas fatos s\u00e3o fatos\u201d, disse Aziz.<\/p>\n<p>Pouco antes do in\u00edcio da sess\u00e3o, o relator da comiss\u00e3o, Renan Calheiros (MDB-AL), disse que o<em>\u00a0habeas corpus<\/em>\u00a0n\u00e3o impede que Emanuela esclare\u00e7a outros questionamentos dos senadores em rela\u00e7\u00e3o a atua\u00e7\u00e3o da Precisa no caso da Covaxin.\u00a0\u201cO\u00a0<em>habeas corpus<\/em>\u00a0que ela recebeu \u00e9 limitado. Ela n\u00e3o estar\u00e1 obrigada a responder \u00e0s perguntas que a incriminem, mas ela est\u00e1 habilitada a responder \u00e0s demais coisas perguntadas\u201d, disse.<\/p>\n<p>Na sexta-feira (9), o consultor da Organiza\u00e7\u00e3o Pan-Americana da Sa\u00fade (Opas) William Santana, que atua junto ao Minist\u00e9rio da Sa\u00fade como t\u00e9cnico da Divis\u00e3o de Importa\u00e7\u00e3o do Departamento de Log\u00edstica,\u00a0<a href=\"https:\/\/agenciabrasil.ebc.com.br\/politica\/noticia\/2021-07\/cpi-consultor-aponta-erros-em-faturas-enviadas-para-compra-da-covaxin\" target=\"_blank\" rel=\"noopener\">disse \u00e0 CPI<\/a>\u00a0que as informa\u00e7\u00f5es enviadas pela Precisa Medicamentos, ao minist\u00e9rio, para compra da vacina Covaxin continham diversos erros e inconsist\u00eancias.<\/p>\n<p>Segundo William, tr\u00eas\u00a0<em>invoices<\/em>\u00a0(faturas), todas com informa\u00e7\u00f5es divergentes com o contrato assinado no Minist\u00e9rio da Sa\u00fade,\u00a0foram enviadas \u00e0 pasta pela Precisa Medicamentos entre os dias 16 e 24 de mar\u00e7o de 2021.\u00a0O consultor tamb\u00e9m afirmou que n\u00e3o participou \u201cde negocia\u00e7\u00e3o ou celebra\u00e7\u00e3o do contrato\u201d, nem de reuni\u00f5es para a aquisi\u00e7\u00e3o da vacina indiana Covaxin, mas relatou que seu chefe na Divis\u00e3o de Importa\u00e7\u00f5es do Minist\u00e9rio da Sa\u00fade, Lu\u00eds Ricardo Miranda, foi pressionado a liberar a importa\u00e7\u00e3o do imunizante.<\/p>\n<p>Lu\u00eds Ricardo Miranda \u00e9 irm\u00e3o do deputado Luis Miranda (DEM-DF), a\u00a0<a href=\"https:\/\/agenciabrasil.ebc.com.br\/politica\/noticia\/2021-06\/luis-ricardo-miranda-diz-ter-sofrido-pressoes-para-compra-da-covaxin\" target=\"_blank\" rel=\"noopener\">quem disse ter relatado<\/a>\u00a0o caso. \u00c0 CPI, o parlamentar disse ter levado o relato do irm\u00e3o at\u00e9 o presidente Jair Bolsonaro, em mar\u00e7o, mas que nenhuma provid\u00eancia teria sido tomada desde ent\u00e3o. Para os senadores, \u00e9 necess\u00e1rio investigar se houve prevarica\u00e7\u00e3o.<\/p>\n<p>A compra das vacinas foi anunciada pelo governo federal em fevereiro,\u00a0<a href=\"https:\/\/agenciabrasil.ebc.com.br\/politica\/noticia\/2021-06\/governo-suspende-temporariamente-contrato-de-compra-da-covaxin\" target=\"_blank\" rel=\"noopener\">mas o neg\u00f3cio foi suspenso no final de junho<\/a>.\u00a0As suspeitas envolvendo a compra da Covaxin levaram a Pol\u00edcia Federal (PF) a\u00a0<a href=\"https:\/\/agenciabrasil.ebc.com.br\/justica\/noticia\/2021-07\/pf-abre-inquerito-para-apurar-conduta-do-presidente-no-caso-covaxin\" target=\"_blank\" rel=\"noopener\">abrir inqu\u00e9rito<\/a>\u00a0para apurar os fatos narrados.\u00a0A instaura\u00e7\u00e3o foi feita ap\u00f3s\u00a0<a href=\"https:\/\/agenciabrasil.ebc.com.br\/justica\/noticia\/2021-07\/rosa-weber-abre-inquerito-sobre-o-presidente-no-caso-covaxin\" target=\"_blank\" rel=\"noopener\">a ministra do STF\u00a0Rosa Weber<\/a>\u00a0autorizar a medida no dia 2 de julho, a partir de um pedido da Procuradoria-Geral da Rep\u00fablica (PGR).<\/p>\n<p>Ontem, em\u00a0<a href=\"https:\/\/agenciabrasil.ebc.com.br\/justica\/noticia\/2021-07\/bolsonaro-diz-que-indicacao-de-mendonca-para-o-stf-deve-sair-hoje\" target=\"_blank\" rel=\"noopener\">entrevista \u00e0 imprensa<\/a>\u00a0ap\u00f3s reuni\u00e3o com o o ministro Luiz Fux, o presidente Jair Bolsonaro\u00a0questionou a acusa\u00e7\u00e3o de prevarica\u00e7\u00e3o.\u00a0\u201cO que eu entendo \u00e9 que a prevarica\u00e7\u00e3o se aplica a servidor p\u00fablico, n\u00e3o se aplicaria a mim, mas, qualquer den\u00fancia de corrup\u00e7\u00e3o, eu tomo provid\u00eancia, at\u00e9 a do Luis Miranda, mesmo conhecendo toda a vida pregressa dele. Eu conversei com o Pazuello [ex-ministro da Sa\u00fade]&#8221;, disse.<\/p>\n<p><span style=\"font-weight: 400;\">Fonte: Ag\u00eancia Brasil <\/span><\/p>\n","protected":false},"excerpt":{"rendered":"<p>Come\u00e7ou h\u00e1 pouco a reuni\u00e3o da Comiss\u00e3o Parlamentar de Inqu\u00e9rito (CPI) da Pandemia do Senado destinada a ouvir a diretora t\u00e9cnica da Precisa Medicamentos, Emanuela Medrades. A empresa teria feito intermedia\u00e7\u00e3o nas negocia\u00e7\u00f5es para compra da vacina Covaxin, do laborat\u00f3rio Bharat Biotec. Os senadores querem saber se ocorreu o \u201cpotencial beneficiamento&#8221; da Bharat Biotech, representada [&hellip;]<\/p>\n","protected":false},"author":246,"featured_media":185287,"comment_status":"closed","ping_status":"closed","sticky":false,"template":"","format":"standard","meta":{"footnotes":""},"categories":[436,254,439],"tags":[],"class_list":["post-185286","post","type-post","status-publish","format-standard","has-post-thumbnail","hentry","category-destaque-da-semana","category-politica","category-ultima-hora"],"_links":{"self":[{"href":"https:\/\/diarioregionaldigital.com.br\/index.php?rest_route=\/wp\/v2\/posts\/185286","targetHints":{"allow":["GET"]}}],"collection":[{"href":"https:\/\/diarioregionaldigital.com.br\/index.php?rest_route=\/wp\/v2\/posts"}],"about":[{"href":"https:\/\/diarioregionaldigital.com.br\/index.php?rest_route=\/wp\/v2\/types\/post"}],"author":[{"embeddable":true,"href":"https:\/\/diarioregionaldigital.com.br\/index.php?rest_route=\/wp\/v2\/users\/246"}],"replies":[{"embeddable":true,"href":"https:\/\/diarioregionaldigital.com.br\/index.php?rest_route=%2Fwp%2Fv2%2Fcomments&post=185286"}],"version-history":[{"count":1,"href":"https:\/\/diarioregionaldigital.com.br\/index.php?rest_route=\/wp\/v2\/posts\/185286\/revisions"}],"predecessor-version":[{"id":185288,"href":"https:\/\/diarioregionaldigital.com.br\/index.php?rest_route=\/wp\/v2\/posts\/185286\/revisions\/185288"}],"wp:featuredmedia":[{"embeddable":true,"href":"https:\/\/diarioregionaldigital.com.br\/index.php?rest_route=\/wp\/v2\/media\/185287"}],"wp:attachment":[{"href":"https:\/\/diarioregionaldigital.com.br\/index.php?rest_route=%2Fwp%2Fv2%2Fmedia&parent=185286"}],"wp:term":[{"taxonomy":"category","embeddable":true,"href":"https:\/\/diarioregionaldigital.com.br\/index.php?rest_route=%2Fwp%2Fv2%2Fcategories&post=185286"},{"taxonomy":"post_tag","embeddable":true,"href":"https:\/\/diarioregionaldigital.com.br\/index.php?rest_route=%2Fwp%2Fv2%2Ftags&post=185286"}],"curies":[{"name":"wp","href":"https:\/\/api.w.org\/{rel}","templated":true}]}}