{"id":185283,"date":"2021-07-13T16:23:50","date_gmt":"2021-07-13T19:23:50","guid":{"rendered":"https:\/\/diarioregionaldigital.com.br\/?p=185283"},"modified":"2021-07-13T16:23:50","modified_gmt":"2021-07-13T19:23:50","slug":"governo-fixa-percentual-do-biodiesel-misturado-ao-oleo-diesel-em-12","status":"publish","type":"post","link":"https:\/\/diarioregionaldigital.com.br\/?p=185283","title":{"rendered":"Governo fixa percentual do biodiesel misturado ao \u00f3leo diesel em 12%"},"content":{"rendered":"<p>O presidente Jair Bolsonaro aprovou\u00a0<a href=\"https:\/\/www.in.gov.br\/web\/dou\/-\/despacho-do-presidente-da-republica-331548160\" target=\"_blank\" rel=\"noopener\">resolu\u00e7\u00e3o do Conselho Nacional de Pol\u00edtica Energ\u00e9tica (CNPE)<\/a>\u00a0que estabelece a redu\u00e7\u00e3o do teor de mistura obrigat\u00f3ria do biodiesel no \u00f3leo diesel f\u00f3ssil de 13% para 12%, v\u00e1lida no 81\u00ba Leil\u00e3o de Biodiesel.\u00a0<img decoding=\"async\" src=\"https:\/\/agenciabrasil.ebc.com.br\/ebc.png?id=1415307&amp;o=node\" \/><img decoding=\"async\" src=\"https:\/\/agenciabrasil.ebc.com.br\/ebc.gif?id=1415307&amp;o=node\" \/><\/p>\n<p>Nos leil\u00f5es anteriores, o percentual havia sido reduzido ao patamar de 10% em decorr\u00eancia dos efeitos da valoriza\u00e7\u00e3o do custo do \u00f3leo de soja nos mercados brasileiro e internacional, combinados com a desvaloriza\u00e7\u00e3o cambial da moeda brasileira frente ao d\u00f3lar, que tinha impulsionado as exporta\u00e7\u00f5es de soja e tamb\u00e9m encarecido o valor do biodiesel produzido nacionalmente. Tal realidade acarretava a possibilidade de excessivo incremento do pre\u00e7o do \u00f3leo diesel por causa do aumento do biodiesel e, por isso, o percentual foi reduzido.<\/p>\n<p>Segundo o governo, a medida a fixa\u00e7\u00e3o do percentual em 12% para o pr\u00f3ximo leil\u00e3o ocorre ap\u00f3s a melhora no cen\u00e1rio do pre\u00e7o do biodiesel. &#8220;Com o arrefecimento dessa tend\u00eancia de aumento do pre\u00e7o do biodiesel, fizeram-se presentes as justificativas t\u00e9cnicas para que, no 81\u00ba leil\u00e3o, o percentual de mistura de biodiesel fosse fixado em 12%&#8221;, informou a Secretaria-Geral da Presid\u00eancia da Rep\u00fablica, em comunicado \u00e0 imprensa.<\/p>\n<p><span style=\"font-weight: 400;\">Fonte: Ag\u00eancia Brasil <\/span><\/p>\n","protected":false},"excerpt":{"rendered":"<p>O presidente Jair Bolsonaro aprovou\u00a0resolu\u00e7\u00e3o do Conselho Nacional de Pol\u00edtica Energ\u00e9tica (CNPE)\u00a0que estabelece a redu\u00e7\u00e3o do teor de mistura obrigat\u00f3ria do biodiesel no \u00f3leo diesel f\u00f3ssil de 13% para 12%, v\u00e1lida no 81\u00ba Leil\u00e3o de Biodiesel.\u00a0 Nos leil\u00f5es anteriores, o percentual havia sido reduzido ao patamar de 10% em decorr\u00eancia dos efeitos da valoriza\u00e7\u00e3o do [&hellip;]<\/p>\n","protected":false},"author":246,"featured_media":185284,"comment_status":"closed","ping_status":"closed","sticky":false,"template":"","format":"standard","meta":{"footnotes":""},"categories":[436,254,439],"tags":[],"class_list":["post-185283","post","type-post","status-publish","format-standard","has-post-thumbnail","hentry","category-destaque-da-semana","category-politica","category-ultima-hora"],"_links":{"self":[{"href":"https:\/\/diarioregionaldigital.com.br\/index.php?rest_route=\/wp\/v2\/posts\/185283","targetHints":{"allow":["GET"]}}],"collection":[{"href":"https:\/\/diarioregionaldigital.com.br\/index.php?rest_route=\/wp\/v2\/posts"}],"about":[{"href":"https:\/\/diarioregionaldigital.com.br\/index.php?rest_route=\/wp\/v2\/types\/post"}],"author":[{"embeddable":true,"href":"https:\/\/diarioregionaldigital.com.br\/index.php?rest_route=\/wp\/v2\/users\/246"}],"replies":[{"embeddable":true,"href":"https:\/\/diarioregionaldigital.com.br\/index.php?rest_route=%2Fwp%2Fv2%2Fcomments&post=185283"}],"version-history":[{"count":1,"href":"https:\/\/diarioregionaldigital.com.br\/index.php?rest_route=\/wp\/v2\/posts\/185283\/revisions"}],"predecessor-version":[{"id":185285,"href":"https:\/\/diarioregionaldigital.com.br\/index.php?rest_route=\/wp\/v2\/posts\/185283\/revisions\/185285"}],"wp:featuredmedia":[{"embeddable":true,"href":"https:\/\/diarioregionaldigital.com.br\/index.php?rest_route=\/wp\/v2\/media\/185284"}],"wp:attachment":[{"href":"https:\/\/diarioregionaldigital.com.br\/index.php?rest_route=%2Fwp%2Fv2%2Fmedia&parent=185283"}],"wp:term":[{"taxonomy":"category","embeddable":true,"href":"https:\/\/diarioregionaldigital.com.br\/index.php?rest_route=%2Fwp%2Fv2%2Fcategories&post=185283"},{"taxonomy":"post_tag","embeddable":true,"href":"https:\/\/diarioregionaldigital.com.br\/index.php?rest_route=%2Fwp%2Fv2%2Ftags&post=185283"}],"curies":[{"name":"wp","href":"https:\/\/api.w.org\/{rel}","templated":true}]}}