{"id":185277,"date":"2021-07-13T16:18:45","date_gmt":"2021-07-13T19:18:45","guid":{"rendered":"https:\/\/diarioregionaldigital.com.br\/?p=185277"},"modified":"2021-07-13T16:18:45","modified_gmt":"2021-07-13T19:18:45","slug":"governo-de-minas-entrega-plano-estrategico-ferroviario","status":"publish","type":"post","link":"https:\/\/diarioregionaldigital.com.br\/?p=185277","title":{"rendered":"Governo de Minas entrega Plano Estrat\u00e9gico Ferrovi\u00e1rio"},"content":{"rendered":"<p>O governador Romeu Zema participou, nesta segunda-feira (12\/7), da entrega do Plano Estrat\u00e9gico Ferrovi\u00e1rio de Minas Gerais (PEF) ao ministro da Infraestrutura, Tarc\u00edsio Gomes de Freitas. O estudo \u00e9 formado por um portf\u00f3lio de projetos priorizados para a implanta\u00e7\u00e3o e opera\u00e7\u00e3o de uma nova estrutura ferrovi\u00e1ria no estado.<\/p>\n<p>O PEF faz parte de um amplo planejamento do\u00a0<a href=\"http:\/\/www.mg.gov.br\/\" target=\"_blank\" rel=\"noopener\">Governo de Minas Gerais<\/a>\u00a0para o desenvolvimento ferrovi\u00e1rio. Conduzido pela\u00a0<a href=\"http:\/\/www.infraestrutura.mg.gov.br\/\" target=\"_blank\" rel=\"noopener\">Secretaria de Estado de Infraestrutura e Mobilidade (Seinfra)<\/a>, o plano foi elaborado pela Funda\u00e7\u00e3o Dom Cabral (FDC) e patrocinado pela Associa\u00e7\u00e3o Nacional dos Transportadores Ferrovi\u00e1rios (ANTF).\u00a0A estrat\u00e9gia contou, ainda, com a parceria da Comiss\u00e3o Extraordin\u00e1ria Pr\u00f3-Ferrovias da Assembleia Legislativa de Minas Gerais (ALMG).<\/p>\n<p>Lan\u00e7ado em agosto de 2019, o PEF partiu do diagn\u00f3stico do atual sistema e da identifica\u00e7\u00e3o de demandas em todas as regi\u00f5es do estado, para definir um horizonte de investimentos de curto, m\u00e9dio e longo prazos para transporte de passageiros e de cargas sobre trilhos.<\/p>\n<p><strong>Pioneirismo<\/strong><\/p>\n<p>Durante a solenidade, o governador destacou o\u00a0in\u00e9dito plano para\u00a0atra\u00e7\u00e3o de investimentos\u00a0neste modal no estado\u00a0que det\u00e9m a maior malha ferrovi\u00e1rio do pa\u00eds. \u201c\u00c9 a primeira vez na hist\u00f3ria de Minas Gerais que um governo produz um estudo com um elevado n\u00edvel de detalhamento. Vale lembrar que nenhum pa\u00eds da Am\u00e9rica Latina tem um plano ferrovi\u00e1rio como o nosso\u201d, explicou.<\/p>\n<p>Ainda sobre a iniciativa pioneira, Zema destacou a metodologia e a modelagem consideradas as mais avan\u00e7adas do mundo. \u201cMinas est\u00e1 preparada para receber investimentos no curto e m\u00e9dio prazos que poder\u00e3o viabilizar riquezas, emprego e renda, principalmente em regi\u00f5es consideradas mais carentes\u201d, afirmou.<\/p>\n<p>Com uma malha ferrovi\u00e1ria de aproximadamente 5 mil quil\u00f4metros, atravessando cerca de 180 munic\u00edpios mineiros, Minas Gerais \u00e9 o primeiro estado do pa\u00eds em extens\u00e3o de malha ferrovi\u00e1ria, respondendo por cerca de 16,3% de toda rede nacional de ferrovias. O estado se encontra em uma posi\u00e7\u00e3o estrat\u00e9gica para o escoamento da produ\u00e7\u00e3o de gr\u00e3os e miner\u00e1ria, com liga\u00e7\u00e3o aos maiores complexos portu\u00e1rios do Sudeste.<\/p>\n<p>No contexto do PEF, foram analisadas propostas para cerca de 1.500 quil\u00f4metros de malha ferrovi\u00e1ria mineira.<\/p>\n<p>De acordo com o ministro Tarc\u00edsio Gomes de Freitas, o momento \u00e9 extremamente favor\u00e1vel para debater o PEF, j\u00e1 que ferrovias em Minas, como a MRS e a VLI, est\u00e3o discutindo investimentos. \u201cDa\u00ed a necessidade de debatermos o PEF para vermos em que medida a Uni\u00e3o se engaja e consegue oferecer ou prover investimentos importantes\u201d, avaliou.<\/p>\n<p><strong>Documento<\/strong><\/p>\n<p>O documento elenca propostas, agrupadas por \u00e1reas tem\u00e1ticas, como transporte ferrovi\u00e1rio regional de passageiros, transporte de cargas e transporte tur\u00edstico. Todas analisadas de forma multicriterial, levando em considera\u00e7\u00e3o os contextos econ\u00f4mico-financeiro, operacional, de desenvolvimento regional e social e sustentabilidade.<\/p>\n<p>A ideia \u00e9 que esses estudos possam nortear iniciativas de implanta\u00e7\u00e3o e opera\u00e7\u00e3o de uma nova estrutura ferrovi\u00e1ria em Minas, seja pela iniciativa privada, organiza\u00e7\u00f5es sociais e poder p\u00fablico.<\/p>\n<p><strong>A\u00e7\u00f5es futuras<\/strong><\/p>\n<p>Os estudos realizados no PEF apresentaram v\u00e1rias oportunidades para o desenvolvimento econ\u00f4mico do estado, como a liga\u00e7\u00e3o entre Pirapora &#8211; Una\u00ed &#8211; Luzi\u00e2nia (GO), com 420 quil\u00f4metros de extens\u00e3o. A implanta\u00e7\u00e3o desta ferrovia permitiria o carregamento em grande quantidade de p\u00f3 de basalto, existente em abund\u00e2ncia no Tri\u00e2ngulo, para remineraliza\u00e7\u00e3o de solo da regi\u00e3o Noroeste de Minas.<\/p>\n<p>O Noroeste Mineiro \u00e9 apontado como a nova fronteira agr\u00edcola do pa\u00eds, tendo a ferrovia como uma das principais engrenagens, uma vez que\u00a0este meio de transporte \u00e9 essencial para o escoamento da produ\u00e7\u00e3o agr\u00edcola e tamb\u00e9m para a remineraliza\u00e7\u00e3o de solo, o que permitiria converter \u00e1reas degradadas de cerrado n\u00e3o produtivo em solo agricult\u00e1vel, com grande potencial para alavancar as exporta\u00e7\u00f5es brasileiras.<\/p>\n<p>Durante a elabora\u00e7\u00e3o do PEF, foram realizados cinco workshops com a participa\u00e7\u00e3o de entidades e representantes do setor ferrovi\u00e1rio, al\u00e9m de deputados e outras lideran\u00e7as.<\/p>\n<p>Participaram da entrega do plano o secret\u00e1rio de Estado de\u00a0<a href=\"http:\/\/www.governo.mg.gov.br\/\" target=\"_blank\" rel=\"noopener\">Governo<\/a>, Igor Eto, o subsecret\u00e1rio de Transportes e Mobilidade,\u00a0Gabriel Fajardo, os deputados Diego Andrade, Z\u00e9 Silva, Z\u00e9 Vitor, Lucas Gonzalez, Igor Timo, Jo\u00e3o Leite e Greyce Elias, al\u00e9m do professor da FDC, Paulo Tarso Vilela de Resende.<\/p>\n<p><span style=\"font-weight: 400;\">Fonte: Ag\u00eancia Minas<\/span><\/p>\n","protected":false},"excerpt":{"rendered":"<p>O governador Romeu Zema participou, nesta segunda-feira (12\/7), da entrega do Plano Estrat\u00e9gico Ferrovi\u00e1rio de Minas Gerais (PEF) ao ministro da Infraestrutura, Tarc\u00edsio Gomes de Freitas. O estudo \u00e9 formado por um portf\u00f3lio de projetos priorizados para a implanta\u00e7\u00e3o e opera\u00e7\u00e3o de uma nova estrutura ferrovi\u00e1ria no estado. O PEF faz parte de um amplo [&hellip;]<\/p>\n","protected":false},"author":246,"featured_media":185278,"comment_status":"closed","ping_status":"closed","sticky":false,"template":"","format":"standard","meta":{"footnotes":""},"categories":[440,254,439],"tags":[],"class_list":["post-185277","post","type-post","status-publish","format-standard","has-post-thumbnail","hentry","category-destaques-do-dia","category-politica","category-ultima-hora"],"_links":{"self":[{"href":"https:\/\/diarioregionaldigital.com.br\/index.php?rest_route=\/wp\/v2\/posts\/185277","targetHints":{"allow":["GET"]}}],"collection":[{"href":"https:\/\/diarioregionaldigital.com.br\/index.php?rest_route=\/wp\/v2\/posts"}],"about":[{"href":"https:\/\/diarioregionaldigital.com.br\/index.php?rest_route=\/wp\/v2\/types\/post"}],"author":[{"embeddable":true,"href":"https:\/\/diarioregionaldigital.com.br\/index.php?rest_route=\/wp\/v2\/users\/246"}],"replies":[{"embeddable":true,"href":"https:\/\/diarioregionaldigital.com.br\/index.php?rest_route=%2Fwp%2Fv2%2Fcomments&post=185277"}],"version-history":[{"count":1,"href":"https:\/\/diarioregionaldigital.com.br\/index.php?rest_route=\/wp\/v2\/posts\/185277\/revisions"}],"predecessor-version":[{"id":185279,"href":"https:\/\/diarioregionaldigital.com.br\/index.php?rest_route=\/wp\/v2\/posts\/185277\/revisions\/185279"}],"wp:featuredmedia":[{"embeddable":true,"href":"https:\/\/diarioregionaldigital.com.br\/index.php?rest_route=\/wp\/v2\/media\/185278"}],"wp:attachment":[{"href":"https:\/\/diarioregionaldigital.com.br\/index.php?rest_route=%2Fwp%2Fv2%2Fmedia&parent=185277"}],"wp:term":[{"taxonomy":"category","embeddable":true,"href":"https:\/\/diarioregionaldigital.com.br\/index.php?rest_route=%2Fwp%2Fv2%2Fcategories&post=185277"},{"taxonomy":"post_tag","embeddable":true,"href":"https:\/\/diarioregionaldigital.com.br\/index.php?rest_route=%2Fwp%2Fv2%2Ftags&post=185277"}],"curies":[{"name":"wp","href":"https:\/\/api.w.org\/{rel}","templated":true}]}}