{"id":185267,"date":"2021-07-13T16:09:22","date_gmt":"2021-07-13T19:09:22","guid":{"rendered":"https:\/\/diarioregionaldigital.com.br\/?p=185267"},"modified":"2021-07-13T16:09:22","modified_gmt":"2021-07-13T19:09:22","slug":"dolar-cai-pela-primeira-vez-no-mes-e-fecha-a-r-517","status":"publish","type":"post","link":"https:\/\/diarioregionaldigital.com.br\/?p=185267","title":{"rendered":"D\u00f3lar cai pela primeira vez no m\u00eas e fecha a R$ 5,17"},"content":{"rendered":"<p>Em um dia de al\u00edvio no mercado financeiro, o d\u00f3lar caiu pela primeira vez no m\u00eas e voltou a ficar abaixo de R$ 5,20. A bolsa de valores recuperou-se de quedas recentes e subiu quase 2%, voltando aos 127 mil pontos.<\/p>\n<p>O d\u00f3lar comercial encerrou a segunda-feira (12) vendido a R$ 5,174, com recuo de R$ 0,065 (-1,75%). A moeda come\u00e7ou o dia em alta, chegando a R$ 5,27 nos primeiros minutos de negocia\u00e7\u00e3o, mas a cota\u00e7\u00e3o come\u00e7ou a recuar ainda durante a manh\u00e3, acompanhando o mercado externo.<\/p>\n<p>A divisa acumula valoriza\u00e7\u00e3o de 4,04% em julho, mas voltou a registrar queda no acumulado do ano. Em 2021, o d\u00f3lar tem pequeno recuo de 0,2%.<\/p>\n<p>Na bolsa de valores, o dia tamb\u00e9m foi marcado pelo otimismo. O \u00edndice Ibovespa, da B3, fechou o dia aos 127.594 pontos, com alta de 1,73%. O indicador recuperou-se das perdas da semana passada, quando tinha acumulado recuo de 1,72%.<\/p>\n<p>Apesar das tens\u00f5es pol\u00edticas no Brasil, o mercado recuperou-se motivado tanto por fatores internos como externos. No mercado internacional, as bolsas americanas voltaram a bater recorde, com o avan\u00e7o da imuniza\u00e7\u00e3o contra a covid-19 em diversos pa\u00edses e a divulga\u00e7\u00e3o de lucros elevados de diversas empresas norte-americanas.<\/p>\n<p>No Brasil, a expectativa de mudan\u00e7as na reforma tribut\u00e1ria, cujo relat\u00f3rio est\u00e1 previsto para ser apresentado amanh\u00e3 (13), animou os investidores. A expectativa de que o Banco Central continue a elevar a taxa Selic (juros b\u00e1sicos da economia) para segurar a infla\u00e7\u00e3o tamb\u00e9m atraiu recursos externos.<\/p>\n<p><span style=\"font-weight: 400;\">Fonte: Ag\u00eancia Brasil \/ Reuters<\/span><\/p>\n","protected":false},"excerpt":{"rendered":"<p>Em um dia de al\u00edvio no mercado financeiro, o d\u00f3lar caiu pela primeira vez no m\u00eas e voltou a ficar abaixo de R$ 5,20. A bolsa de valores recuperou-se de quedas recentes e subiu quase 2%, voltando aos 127 mil pontos. O d\u00f3lar comercial encerrou a segunda-feira (12) vendido a R$ 5,174, com recuo de [&hellip;]<\/p>\n","protected":false},"author":246,"featured_media":185268,"comment_status":"closed","ping_status":"closed","sticky":false,"template":"","format":"standard","meta":{"footnotes":""},"categories":[436,261,439],"tags":[],"class_list":["post-185267","post","type-post","status-publish","format-standard","has-post-thumbnail","hentry","category-destaque-da-semana","category-economia","category-ultima-hora"],"_links":{"self":[{"href":"https:\/\/diarioregionaldigital.com.br\/index.php?rest_route=\/wp\/v2\/posts\/185267","targetHints":{"allow":["GET"]}}],"collection":[{"href":"https:\/\/diarioregionaldigital.com.br\/index.php?rest_route=\/wp\/v2\/posts"}],"about":[{"href":"https:\/\/diarioregionaldigital.com.br\/index.php?rest_route=\/wp\/v2\/types\/post"}],"author":[{"embeddable":true,"href":"https:\/\/diarioregionaldigital.com.br\/index.php?rest_route=\/wp\/v2\/users\/246"}],"replies":[{"embeddable":true,"href":"https:\/\/diarioregionaldigital.com.br\/index.php?rest_route=%2Fwp%2Fv2%2Fcomments&post=185267"}],"version-history":[{"count":1,"href":"https:\/\/diarioregionaldigital.com.br\/index.php?rest_route=\/wp\/v2\/posts\/185267\/revisions"}],"predecessor-version":[{"id":185269,"href":"https:\/\/diarioregionaldigital.com.br\/index.php?rest_route=\/wp\/v2\/posts\/185267\/revisions\/185269"}],"wp:featuredmedia":[{"embeddable":true,"href":"https:\/\/diarioregionaldigital.com.br\/index.php?rest_route=\/wp\/v2\/media\/185268"}],"wp:attachment":[{"href":"https:\/\/diarioregionaldigital.com.br\/index.php?rest_route=%2Fwp%2Fv2%2Fmedia&parent=185267"}],"wp:term":[{"taxonomy":"category","embeddable":true,"href":"https:\/\/diarioregionaldigital.com.br\/index.php?rest_route=%2Fwp%2Fv2%2Fcategories&post=185267"},{"taxonomy":"post_tag","embeddable":true,"href":"https:\/\/diarioregionaldigital.com.br\/index.php?rest_route=%2Fwp%2Fv2%2Ftags&post=185267"}],"curies":[{"name":"wp","href":"https:\/\/api.w.org\/{rel}","templated":true}]}}