{"id":185250,"date":"2021-07-13T03:37:43","date_gmt":"2021-07-13T06:37:43","guid":{"rendered":"https:\/\/diarioregionaldigital.com.br\/?p=185250"},"modified":"2021-07-13T03:43:10","modified_gmt":"2021-07-13T06:43:10","slug":"prefeitura-municipal-de-tocantins-licitacao-no088-13-07-2021-2","status":"publish","type":"post","link":"https:\/\/diarioregionaldigital.com.br\/?p=185250","title":{"rendered":"Prefeitura Municipal de Tocantins &#8211; Licita\u00e7\u00e3o n\u00ba086 &#8211; 13\/07\/2021"},"content":{"rendered":"<p style=\"text-align: center;\"><strong>PRE<\/strong><strong>FEITURA MUNICIPAL DE TOCANTINS<\/strong><\/p>\n<p style=\"text-align: center;\"><strong>AVISO DE ABERTURA <\/strong><\/p>\n<p style=\"text-align: center;\"><strong>DE PROCESSO LICITAT\u00d3RIO<\/strong><\/p>\n<p style=\"text-align: center;\"><strong>O M<\/strong><strong>UN<\/strong><strong>I<\/strong><strong>C<\/strong><strong>\u00cd<\/strong><strong>P<\/strong><strong>I<\/strong><strong>O DE TOCANTINS \u2013 PREFEITURA MUNICIPAL DE TOCANTINS, <\/strong>torna p\u00fablico que se far\u00e1 realizar <strong>Processo Licitat\u00f3rio n\u00ba 086\/2021<\/strong>, <strong>Preg\u00e3o Presencial n\u00ba 043\/2021<\/strong>, cujo objeto \u00e9 a contrata\u00e7\u00e3o de empresa especializada para fornecimento de <strong>MATERIAL DE LIMPEZA <\/strong>para a Secretaria de Educa\u00e7\u00e3o. Dia <strong>26\/07\/2021<\/strong> \u00e0s <strong>8:30 horas<\/strong>, conforme edital completo que pode ser consultado no endere\u00e7o <strong>www.tocantins.mg.gov.br<\/strong>.<\/p>\n","protected":false},"excerpt":{"rendered":"<p>PREFEITURA MUNICIPAL DE TOCANTINS AVISO DE ABERTURA DE PROCESSO LICITAT\u00d3RIO O MUNIC\u00cdPIO DE TOCANTINS \u2013 PREFEITURA MUNICIPAL DE TOCANTINS, torna p\u00fablico que se far\u00e1 realizar Processo Licitat\u00f3rio n\u00ba 086\/2021, Preg\u00e3o Presencial n\u00ba 043\/2021, cujo objeto \u00e9 a contrata\u00e7\u00e3o de empresa especializada para fornecimento de MATERIAL DE LIMPEZA para a Secretaria de Educa\u00e7\u00e3o. Dia 26\/07\/2021 \u00e0s [&hellip;]<\/p>\n","protected":false},"author":96,"featured_media":0,"comment_status":"closed","ping_status":"closed","sticky":false,"template":"","format":"standard","meta":{"footnotes":""},"categories":[307],"tags":[],"class_list":["post-185250","post","type-post","status-publish","format-standard","hentry","category-editais"],"_links":{"self":[{"href":"https:\/\/diarioregionaldigital.com.br\/index.php?rest_route=\/wp\/v2\/posts\/185250","targetHints":{"allow":["GET"]}}],"collection":[{"href":"https:\/\/diarioregionaldigital.com.br\/index.php?rest_route=\/wp\/v2\/posts"}],"about":[{"href":"https:\/\/diarioregionaldigital.com.br\/index.php?rest_route=\/wp\/v2\/types\/post"}],"author":[{"embeddable":true,"href":"https:\/\/diarioregionaldigital.com.br\/index.php?rest_route=\/wp\/v2\/users\/96"}],"replies":[{"embeddable":true,"href":"https:\/\/diarioregionaldigital.com.br\/index.php?rest_route=%2Fwp%2Fv2%2Fcomments&post=185250"}],"version-history":[{"count":3,"href":"https:\/\/diarioregionaldigital.com.br\/index.php?rest_route=\/wp\/v2\/posts\/185250\/revisions"}],"predecessor-version":[{"id":185258,"href":"https:\/\/diarioregionaldigital.com.br\/index.php?rest_route=\/wp\/v2\/posts\/185250\/revisions\/185258"}],"wp:attachment":[{"href":"https:\/\/diarioregionaldigital.com.br\/index.php?rest_route=%2Fwp%2Fv2%2Fmedia&parent=185250"}],"wp:term":[{"taxonomy":"category","embeddable":true,"href":"https:\/\/diarioregionaldigital.com.br\/index.php?rest_route=%2Fwp%2Fv2%2Fcategories&post=185250"},{"taxonomy":"post_tag","embeddable":true,"href":"https:\/\/diarioregionaldigital.com.br\/index.php?rest_route=%2Fwp%2Fv2%2Ftags&post=185250"}],"curies":[{"name":"wp","href":"https:\/\/api.w.org\/{rel}","templated":true}]}}