{"id":185228,"date":"2021-07-12T22:25:23","date_gmt":"2021-07-13T01:25:23","guid":{"rendered":"https:\/\/diarioregionaldigital.com.br\/?p=185228"},"modified":"2021-07-12T22:25:23","modified_gmt":"2021-07-13T01:25:23","slug":"covid-19-municipio-contabiliza-12-mortes-nas-ultimas-24h-3","status":"publish","type":"post","link":"https:\/\/diarioregionaldigital.com.br\/?p=185228","title":{"rendered":"Covid-19: Munic\u00edpio contabiliza 12 mortes nas \u00faltimas 24h"},"content":{"rendered":"<div class=\"evo-entry-content entry-content\">\n<p>O novo boletim epidemiol\u00f3gico divulgado nesta segunda-feira (12) pela Secretaria de Sa\u00fade (SS) da Prefeitura de Juiz de Fora (PJF), aponta que o munic\u00edpio contabilizou mais 246 novos casos por Coronav\u00edrus, totalizando 39.259 pessoas infectadas. Segundo o levantamento, foram notificados mais 12 mortes, acumulando 1.826 vidas perdidas e 261 pacientes est\u00e3o suspeitos de terem a doen\u00e7a.<\/p>\n<p><b>Leitos\u00a0<\/b><\/p>\n<p>Segundo informa\u00e7\u00f5es da PJF, 227 pessoas est\u00e3o hospitalizadas por covid-19 no munic\u00edpio. Ao todo, 93 pacientes ocupam leitos de UTI (p\u00fablico e privado) e 134 de enfermaria. A taxa de ocupa\u00e7\u00e3o dos leitos de UTI da rede p\u00fablica \u00e9 de 42,86%. J\u00e1 os leitos de Enfermaria do Sus 41,18% est\u00e3o ocupados.<\/p>\n<\/div>\n<div class=\"evo-single-footer\">\n<div class=\"evo-post-directions\">\n<div class=\"evo-post-directions-inner\">\n<div class=\"evo-prev-post\"><\/div>\n<\/div>\n<\/div>\n<\/div>\n","protected":false},"excerpt":{"rendered":"<p>O novo boletim epidemiol\u00f3gico divulgado nesta segunda-feira (12) pela Secretaria de Sa\u00fade (SS) da Prefeitura de Juiz de Fora (PJF), aponta que o munic\u00edpio contabilizou mais 246 novos casos por Coronav\u00edrus, totalizando 39.259 pessoas infectadas. Segundo o levantamento, foram notificados mais 12 mortes, acumulando 1.826 vidas perdidas e 261 pacientes est\u00e3o suspeitos de terem a [&hellip;]<\/p>\n","protected":false},"author":246,"featured_media":185229,"comment_status":"closed","ping_status":"closed","sticky":false,"template":"","format":"standard","meta":{"footnotes":""},"categories":[253,436,439],"tags":[],"class_list":["post-185228","post","type-post","status-publish","format-standard","has-post-thumbnail","hentry","category-cidade","category-destaque-da-semana","category-ultima-hora"],"_links":{"self":[{"href":"https:\/\/diarioregionaldigital.com.br\/index.php?rest_route=\/wp\/v2\/posts\/185228","targetHints":{"allow":["GET"]}}],"collection":[{"href":"https:\/\/diarioregionaldigital.com.br\/index.php?rest_route=\/wp\/v2\/posts"}],"about":[{"href":"https:\/\/diarioregionaldigital.com.br\/index.php?rest_route=\/wp\/v2\/types\/post"}],"author":[{"embeddable":true,"href":"https:\/\/diarioregionaldigital.com.br\/index.php?rest_route=\/wp\/v2\/users\/246"}],"replies":[{"embeddable":true,"href":"https:\/\/diarioregionaldigital.com.br\/index.php?rest_route=%2Fwp%2Fv2%2Fcomments&post=185228"}],"version-history":[{"count":1,"href":"https:\/\/diarioregionaldigital.com.br\/index.php?rest_route=\/wp\/v2\/posts\/185228\/revisions"}],"predecessor-version":[{"id":185230,"href":"https:\/\/diarioregionaldigital.com.br\/index.php?rest_route=\/wp\/v2\/posts\/185228\/revisions\/185230"}],"wp:featuredmedia":[{"embeddable":true,"href":"https:\/\/diarioregionaldigital.com.br\/index.php?rest_route=\/wp\/v2\/media\/185229"}],"wp:attachment":[{"href":"https:\/\/diarioregionaldigital.com.br\/index.php?rest_route=%2Fwp%2Fv2%2Fmedia&parent=185228"}],"wp:term":[{"taxonomy":"category","embeddable":true,"href":"https:\/\/diarioregionaldigital.com.br\/index.php?rest_route=%2Fwp%2Fv2%2Fcategories&post=185228"},{"taxonomy":"post_tag","embeddable":true,"href":"https:\/\/diarioregionaldigital.com.br\/index.php?rest_route=%2Fwp%2Fv2%2Ftags&post=185228"}],"curies":[{"name":"wp","href":"https:\/\/api.w.org\/{rel}","templated":true}]}}