{"id":185225,"date":"2021-07-12T22:06:06","date_gmt":"2021-07-13T01:06:06","guid":{"rendered":"https:\/\/diarioregionaldigital.com.br\/?p=185225"},"modified":"2021-07-12T22:06:06","modified_gmt":"2021-07-13T01:06:06","slug":"estado-registra-22-novos-obitos-por-covid-19-nas-ultimas-24-horas","status":"publish","type":"post","link":"https:\/\/diarioregionaldigital.com.br\/?p=185225","title":{"rendered":"Estado registra 22 novos \u00f3bitos por Covid-19 nas \u00faltimas 24 horas"},"content":{"rendered":"<p>A Secretaria de Estado da Sa\u00fade de Minas Gerais (SES-MG), publicou nesta segunda-feira (12), o novo boletim referente ao Coronav\u00edrus. O levantamento aponta que o estado notificou mais 1.097 novos casos da doen\u00e7a, totalizando 1.866.541 pessoas infectadas. Os dados indicam que foram registradas mais\u00a0 22 mortes, contabilizando 48.124 \u00f3bitos.<\/p>\n<p>Al\u00e9m disso, 1.750.005 pacientes est\u00e3o recuperados da doen\u00e7a, representando 93% dos casos. Quanto aos dados de hospitaliza\u00e7\u00e3o, 164.471 estiveram internados e 1.702.070 j\u00e1 fizeram isolamento domiciliar. At\u00e9 o momento, 7.980.595 pessoas receberam a primeira dose da vacina e 2.801.016 a segunda.<\/p>\n","protected":false},"excerpt":{"rendered":"<p>A Secretaria de Estado da Sa\u00fade de Minas Gerais (SES-MG), publicou nesta segunda-feira (12), o novo boletim referente ao Coronav\u00edrus. O levantamento aponta que o estado notificou mais 1.097 novos casos da doen\u00e7a, totalizando 1.866.541 pessoas infectadas. Os dados indicam que foram registradas mais\u00a0 22 mortes, contabilizando 48.124 \u00f3bitos. Al\u00e9m disso, 1.750.005 pacientes est\u00e3o recuperados [&hellip;]<\/p>\n","protected":false},"author":246,"featured_media":185226,"comment_status":"closed","ping_status":"closed","sticky":false,"template":"","format":"standard","meta":{"footnotes":""},"categories":[436,252,439],"tags":[],"class_list":["post-185225","post","type-post","status-publish","format-standard","has-post-thumbnail","hentry","category-destaque-da-semana","category-regiao","category-ultima-hora"],"_links":{"self":[{"href":"https:\/\/diarioregionaldigital.com.br\/index.php?rest_route=\/wp\/v2\/posts\/185225","targetHints":{"allow":["GET"]}}],"collection":[{"href":"https:\/\/diarioregionaldigital.com.br\/index.php?rest_route=\/wp\/v2\/posts"}],"about":[{"href":"https:\/\/diarioregionaldigital.com.br\/index.php?rest_route=\/wp\/v2\/types\/post"}],"author":[{"embeddable":true,"href":"https:\/\/diarioregionaldigital.com.br\/index.php?rest_route=\/wp\/v2\/users\/246"}],"replies":[{"embeddable":true,"href":"https:\/\/diarioregionaldigital.com.br\/index.php?rest_route=%2Fwp%2Fv2%2Fcomments&post=185225"}],"version-history":[{"count":1,"href":"https:\/\/diarioregionaldigital.com.br\/index.php?rest_route=\/wp\/v2\/posts\/185225\/revisions"}],"predecessor-version":[{"id":185227,"href":"https:\/\/diarioregionaldigital.com.br\/index.php?rest_route=\/wp\/v2\/posts\/185225\/revisions\/185227"}],"wp:featuredmedia":[{"embeddable":true,"href":"https:\/\/diarioregionaldigital.com.br\/index.php?rest_route=\/wp\/v2\/media\/185226"}],"wp:attachment":[{"href":"https:\/\/diarioregionaldigital.com.br\/index.php?rest_route=%2Fwp%2Fv2%2Fmedia&parent=185225"}],"wp:term":[{"taxonomy":"category","embeddable":true,"href":"https:\/\/diarioregionaldigital.com.br\/index.php?rest_route=%2Fwp%2Fv2%2Fcategories&post=185225"},{"taxonomy":"post_tag","embeddable":true,"href":"https:\/\/diarioregionaldigital.com.br\/index.php?rest_route=%2Fwp%2Fv2%2Ftags&post=185225"}],"curies":[{"name":"wp","href":"https:\/\/api.w.org\/{rel}","templated":true}]}}