{"id":185221,"date":"2021-07-12T17:53:24","date_gmt":"2021-07-12T20:53:24","guid":{"rendered":"https:\/\/diarioregionaldigital.com.br\/?p=185221"},"modified":"2021-07-12T17:53:24","modified_gmt":"2021-07-12T20:53:24","slug":"doses-da-vacina-octupla-comecam-a-ser-aplicadas-em-caes-abrigados-no-canil-municipal","status":"publish","type":"post","link":"https:\/\/diarioregionaldigital.com.br\/?p=185221","title":{"rendered":"Doses da vacina \u00d3ctupla come\u00e7am a ser aplicadas em c\u00e3es abrigados no Canil Municipal"},"content":{"rendered":"<p>Nesta segunda-feira, 12, cem c\u00e3es abrigados no Canil Municipal da Prefeitura de Juiz de Fora (PJF) receberam a aplica\u00e7\u00e3o da vacina Nobivac (do tipo \u00d3ctupla, tamb\u00e9m conhecida como M\u00faltipla V8). Segundo informa\u00e7\u00f5es do site da Prefeitura de Juiz de Fora, a a\u00e7\u00e3o foi coordenada pelo veterin\u00e1rio do canil, F\u00e1bio Valverde.<\/p>\n<p>De acordo com a gerente do Canil Municipal, Rond\u00f4nia Tassi Muniz,\u00a0<a href=\"https:\/\/www.pjf.mg.gov.br\/noticias\/view.php?modo=link2&amp;idnoticia2=71347\"><b>\u201cessas vacinas fazem parte da doa\u00e7\u00e3o feita em junho pelo deputado estadual Noraldino J\u00fanior\u00a0<\/b><\/a>. Est\u00e3o sendo priorizados os c\u00e3es filhotes e os que chegaram ao abrigo e que ainda n\u00e3o haviam sido imunizados. Nos pr\u00f3ximos dias, iremos aplicar as demais doses da vacina, totalizando 800 imuniza\u00e7\u00f5es\u201d. Rond\u00f4nia acrescenta que \u201cesse \u00e9 um ato muito importante para o controle e a preven\u00e7\u00e3o de doen\u00e7as virais que acometem os c\u00e3es, al\u00e9m de integrar o protocolo de entrada dos animais que, posteriormente, ser\u00e3o disponibilizados para ado\u00e7\u00e3o, que inclui microchipagem, controle de parasita e vermifuga\u00e7\u00e3o\u201d.<\/p>\n<p>O veterin\u00e1rio do canil municipal, F\u00e1bio Valverde, explica que \u201ccom a vacina\u00e7\u00e3o ser\u00e1 poss\u00edvel evitar a infec\u00e7\u00e3o dos animais abrigados e a reinfec\u00e7\u00e3o dos que chegaram doentes, mas que foram tratados no local\u201d.<\/p>\n<p>A vacina \u00d3ctupla protege c\u00e3es das seguintes doen\u00e7as: Cinomose canina, Adenov\u00edrus tipo 2, Coronavirose canina, Parainfluenza, Parvovirose &#8211; v\u00edrus modificados e v\u00edrus mortos, bacterina de Leptospira canicola e L. icterohaemorrhagiae.<\/p>\n","protected":false},"excerpt":{"rendered":"<p>Nesta segunda-feira, 12, cem c\u00e3es abrigados no Canil Municipal da Prefeitura de Juiz de Fora (PJF) receberam a aplica\u00e7\u00e3o da vacina Nobivac (do tipo \u00d3ctupla, tamb\u00e9m conhecida como M\u00faltipla V8). Segundo informa\u00e7\u00f5es do site da Prefeitura de Juiz de Fora, a a\u00e7\u00e3o foi coordenada pelo veterin\u00e1rio do canil, F\u00e1bio Valverde. De acordo com a gerente [&hellip;]<\/p>\n","protected":false},"author":246,"featured_media":185222,"comment_status":"closed","ping_status":"closed","sticky":false,"template":"","format":"standard","meta":{"footnotes":""},"categories":[253,436,439],"tags":[],"class_list":["post-185221","post","type-post","status-publish","format-standard","has-post-thumbnail","hentry","category-cidade","category-destaque-da-semana","category-ultima-hora"],"_links":{"self":[{"href":"https:\/\/diarioregionaldigital.com.br\/index.php?rest_route=\/wp\/v2\/posts\/185221","targetHints":{"allow":["GET"]}}],"collection":[{"href":"https:\/\/diarioregionaldigital.com.br\/index.php?rest_route=\/wp\/v2\/posts"}],"about":[{"href":"https:\/\/diarioregionaldigital.com.br\/index.php?rest_route=\/wp\/v2\/types\/post"}],"author":[{"embeddable":true,"href":"https:\/\/diarioregionaldigital.com.br\/index.php?rest_route=\/wp\/v2\/users\/246"}],"replies":[{"embeddable":true,"href":"https:\/\/diarioregionaldigital.com.br\/index.php?rest_route=%2Fwp%2Fv2%2Fcomments&post=185221"}],"version-history":[{"count":1,"href":"https:\/\/diarioregionaldigital.com.br\/index.php?rest_route=\/wp\/v2\/posts\/185221\/revisions"}],"predecessor-version":[{"id":185223,"href":"https:\/\/diarioregionaldigital.com.br\/index.php?rest_route=\/wp\/v2\/posts\/185221\/revisions\/185223"}],"wp:featuredmedia":[{"embeddable":true,"href":"https:\/\/diarioregionaldigital.com.br\/index.php?rest_route=\/wp\/v2\/media\/185222"}],"wp:attachment":[{"href":"https:\/\/diarioregionaldigital.com.br\/index.php?rest_route=%2Fwp%2Fv2%2Fmedia&parent=185221"}],"wp:term":[{"taxonomy":"category","embeddable":true,"href":"https:\/\/diarioregionaldigital.com.br\/index.php?rest_route=%2Fwp%2Fv2%2Fcategories&post=185221"},{"taxonomy":"post_tag","embeddable":true,"href":"https:\/\/diarioregionaldigital.com.br\/index.php?rest_route=%2Fwp%2Fv2%2Ftags&post=185221"}],"curies":[{"name":"wp","href":"https:\/\/api.w.org\/{rel}","templated":true}]}}