{"id":185217,"date":"2021-07-12T17:50:29","date_gmt":"2021-07-12T20:50:29","guid":{"rendered":"https:\/\/diarioregionaldigital.com.br\/?p=185217"},"modified":"2021-07-12T17:50:29","modified_gmt":"2021-07-12T20:50:29","slug":"intervencoes-sao-realizadas-pela-empav-nos-bairros-sao-benedito-santa-terezinha-e-estrela-sul","status":"publish","type":"post","link":"https:\/\/diarioregionaldigital.com.br\/?p=185217","title":{"rendered":"Interven\u00e7\u00f5es s\u00e3o realizadas pela Empav nos bairros S\u00e3o Benedito, Santa Terezinha e Estrela Sul"},"content":{"rendered":"<p>As equipes do Departamento de Parques e Jardins da Empresa Municipal de Pavimenta\u00e7\u00e3o e Urbaniza\u00e7\u00e3o (Empav), dando in\u00edcio ao cronograma de atua\u00e7\u00e3o da semana. Segundo informa\u00e7\u00f5es do site da Prefeitura de Juiz de Fora, as equipes realizaram poda de grama, limpeza geral e recolhimento de res\u00edduos nos canteiros da Rua Paracatu, sentido Garganta do Dilermando, no Santa Terezinha; na pra\u00e7a do bairro Estrela Sul; e na Pra\u00e7a Maria Elidia, no S\u00e3o Benedito.<\/p>\n<p>Al\u00e9m desses servi\u00e7os, a\u00e7\u00f5es de poda de \u00e1rvores secas foram feitas no Parque Independ\u00eancia, na Rua Imigrante Italiano e na Rua Raymundo Cravo; na Barreira do Triunfo, na Avenida JK; e na Rua Nossa Senhora Aparecida, no bairro Nossa Senhora Aparecida.<\/p>\n<p>Para solicitar esses e outros servi\u00e7os, entre em contato com o Gabinete de A\u00e7\u00e3o e Di\u00e1logo Comunit\u00e1rio, que recebe e organiza pedidos relativos a interven\u00e7\u00f5es e melhorias urbanas. O contato pode ser feito atrav\u00e9s da liga\u00e7\u00e3o telef\u00f4nica pelo n\u00famero (32) 3690-7241 ou via WhatsApp, utilizando o mesmo n\u00famero.<\/p>\n","protected":false},"excerpt":{"rendered":"<p>As equipes do Departamento de Parques e Jardins da Empresa Municipal de Pavimenta\u00e7\u00e3o e Urbaniza\u00e7\u00e3o (Empav), dando in\u00edcio ao cronograma de atua\u00e7\u00e3o da semana. Segundo informa\u00e7\u00f5es do site da Prefeitura de Juiz de Fora, as equipes realizaram poda de grama, limpeza geral e recolhimento de res\u00edduos nos canteiros da Rua Paracatu, sentido Garganta do Dilermando, [&hellip;]<\/p>\n","protected":false},"author":246,"featured_media":185218,"comment_status":"closed","ping_status":"closed","sticky":false,"template":"","format":"standard","meta":{"footnotes":""},"categories":[253,436,439],"tags":[],"class_list":["post-185217","post","type-post","status-publish","format-standard","has-post-thumbnail","hentry","category-cidade","category-destaque-da-semana","category-ultima-hora"],"_links":{"self":[{"href":"https:\/\/diarioregionaldigital.com.br\/index.php?rest_route=\/wp\/v2\/posts\/185217","targetHints":{"allow":["GET"]}}],"collection":[{"href":"https:\/\/diarioregionaldigital.com.br\/index.php?rest_route=\/wp\/v2\/posts"}],"about":[{"href":"https:\/\/diarioregionaldigital.com.br\/index.php?rest_route=\/wp\/v2\/types\/post"}],"author":[{"embeddable":true,"href":"https:\/\/diarioregionaldigital.com.br\/index.php?rest_route=\/wp\/v2\/users\/246"}],"replies":[{"embeddable":true,"href":"https:\/\/diarioregionaldigital.com.br\/index.php?rest_route=%2Fwp%2Fv2%2Fcomments&post=185217"}],"version-history":[{"count":2,"href":"https:\/\/diarioregionaldigital.com.br\/index.php?rest_route=\/wp\/v2\/posts\/185217\/revisions"}],"predecessor-version":[{"id":185220,"href":"https:\/\/diarioregionaldigital.com.br\/index.php?rest_route=\/wp\/v2\/posts\/185217\/revisions\/185220"}],"wp:featuredmedia":[{"embeddable":true,"href":"https:\/\/diarioregionaldigital.com.br\/index.php?rest_route=\/wp\/v2\/media\/185218"}],"wp:attachment":[{"href":"https:\/\/diarioregionaldigital.com.br\/index.php?rest_route=%2Fwp%2Fv2%2Fmedia&parent=185217"}],"wp:term":[{"taxonomy":"category","embeddable":true,"href":"https:\/\/diarioregionaldigital.com.br\/index.php?rest_route=%2Fwp%2Fv2%2Fcategories&post=185217"},{"taxonomy":"post_tag","embeddable":true,"href":"https:\/\/diarioregionaldigital.com.br\/index.php?rest_route=%2Fwp%2Fv2%2Ftags&post=185217"}],"curies":[{"name":"wp","href":"https:\/\/api.w.org\/{rel}","templated":true}]}}