{"id":185214,"date":"2021-07-12T17:46:58","date_gmt":"2021-07-12T20:46:58","guid":{"rendered":"https:\/\/diarioregionaldigital.com.br\/?p=185214"},"modified":"2021-07-12T17:46:58","modified_gmt":"2021-07-12T20:46:58","slug":"cerca-de-60-vistorias-foram-realizadas-pela-equipe-de-fiscalizacao-no-fim-de-semana","status":"publish","type":"post","link":"https:\/\/diarioregionaldigital.com.br\/?p=185214","title":{"rendered":"Cerca de 60 vistorias foram realizadas pela Equipe de fiscaliza\u00e7\u00e3o no fim de semana"},"content":{"rendered":"<p>A opera\u00e7\u00e3o \u201cFiscaliza\u00e7\u00e3o pela Vida\u201d realizou 60 vistorias entre sexta-feira, 9, e domingo, 11. Neste per\u00edodo, foram emitidos um termo de intima\u00e7\u00e3o e sete notifica\u00e7\u00f5es. Segundo informa\u00e7\u00f5es do site da Prefeitura de Juiz de Fora, na noite de s\u00e1bado, os fiscais de posturas da Secretaria de Sustentabilidade em Meio Ambiente e Atividades Urbanas (Sesmaur), agentes de transporte e tr\u00e2nsito da Secretaria de Mobilidade Urbana (SMU) e a Guarda Municipal receberam den\u00fancia de irregularidades no bairro Alto dos Passos. A equipe esteve no local e foram emitidos oitos autos de infra\u00e7\u00e3o.<\/p>\n<p><b>Atua\u00e7\u00e3o nas Feiras<\/b><\/p>\n<p>A Guarda Municipal realizou opera\u00e7\u00e3o presen\u00e7a, a partir das 4h, na regi\u00e3o da Avenida Brasil, margens direita e esquerda, entre as pontes da Benjamin e Halfeld. A a\u00e7\u00e3o vem sendo realizada desde a retomada das atividades das feiras, com o prop\u00f3sito de ordenar a montagem de barracas na \u00e1rea. O trabalho seguiu no domingo, com equipes junto \u00e0s feiras da Pechincha e Feira Verde. Os agentes de tr\u00e2nsito da SMU tamb\u00e9m estiveram presentes durante todo o per\u00edodo de realiza\u00e7\u00e3o das feiras para reorganizar o fluxo local e orientar motoristas.<\/p>\n<p><b>Fiscaliza\u00e7\u00e3o pela Vida<\/b><\/p>\n<p>A opera\u00e7\u00e3o \u201cFiscaliza\u00e7\u00e3o pela Vida\u201d \u00e9 uma atua\u00e7\u00e3o conjunta dos fiscais de posturas da Secretaria de Sustentabilidade em Meio Ambiente e Atividades Urbanas (Sesmaur); dos guardas municipais da Secretaria de Seguran\u00e7a Urbana e Cidadania (Sesuc); dos agentes de transporte e tr\u00e2nsito da Secretaria de Mobilidade Urbana (SMU), do Procon e da Pol\u00edcia Militar de Minas Gerais (PMMG). A a\u00e7\u00e3o \u00e9 coordenada pela secret\u00e1ria de Governo, Cidinha Louzada.<\/p>\n","protected":false},"excerpt":{"rendered":"<p>A opera\u00e7\u00e3o \u201cFiscaliza\u00e7\u00e3o pela Vida\u201d realizou 60 vistorias entre sexta-feira, 9, e domingo, 11. Neste per\u00edodo, foram emitidos um termo de intima\u00e7\u00e3o e sete notifica\u00e7\u00f5es. Segundo informa\u00e7\u00f5es do site da Prefeitura de Juiz de Fora, na noite de s\u00e1bado, os fiscais de posturas da Secretaria de Sustentabilidade em Meio Ambiente e Atividades Urbanas (Sesmaur), agentes [&hellip;]<\/p>\n","protected":false},"author":246,"featured_media":185215,"comment_status":"closed","ping_status":"closed","sticky":false,"template":"","format":"standard","meta":{"footnotes":""},"categories":[253,436,439],"tags":[],"class_list":["post-185214","post","type-post","status-publish","format-standard","has-post-thumbnail","hentry","category-cidade","category-destaque-da-semana","category-ultima-hora"],"_links":{"self":[{"href":"https:\/\/diarioregionaldigital.com.br\/index.php?rest_route=\/wp\/v2\/posts\/185214","targetHints":{"allow":["GET"]}}],"collection":[{"href":"https:\/\/diarioregionaldigital.com.br\/index.php?rest_route=\/wp\/v2\/posts"}],"about":[{"href":"https:\/\/diarioregionaldigital.com.br\/index.php?rest_route=\/wp\/v2\/types\/post"}],"author":[{"embeddable":true,"href":"https:\/\/diarioregionaldigital.com.br\/index.php?rest_route=\/wp\/v2\/users\/246"}],"replies":[{"embeddable":true,"href":"https:\/\/diarioregionaldigital.com.br\/index.php?rest_route=%2Fwp%2Fv2%2Fcomments&post=185214"}],"version-history":[{"count":1,"href":"https:\/\/diarioregionaldigital.com.br\/index.php?rest_route=\/wp\/v2\/posts\/185214\/revisions"}],"predecessor-version":[{"id":185216,"href":"https:\/\/diarioregionaldigital.com.br\/index.php?rest_route=\/wp\/v2\/posts\/185214\/revisions\/185216"}],"wp:featuredmedia":[{"embeddable":true,"href":"https:\/\/diarioregionaldigital.com.br\/index.php?rest_route=\/wp\/v2\/media\/185215"}],"wp:attachment":[{"href":"https:\/\/diarioregionaldigital.com.br\/index.php?rest_route=%2Fwp%2Fv2%2Fmedia&parent=185214"}],"wp:term":[{"taxonomy":"category","embeddable":true,"href":"https:\/\/diarioregionaldigital.com.br\/index.php?rest_route=%2Fwp%2Fv2%2Fcategories&post=185214"},{"taxonomy":"post_tag","embeddable":true,"href":"https:\/\/diarioregionaldigital.com.br\/index.php?rest_route=%2Fwp%2Fv2%2Ftags&post=185214"}],"curies":[{"name":"wp","href":"https:\/\/api.w.org\/{rel}","templated":true}]}}