{"id":185208,"date":"2021-07-12T17:38:51","date_gmt":"2021-07-12T20:38:51","guid":{"rendered":"https:\/\/diarioregionaldigital.com.br\/?p=185208"},"modified":"2021-07-12T17:38:51","modified_gmt":"2021-07-12T20:38:51","slug":"marcus-tata-convoca-selecao-masculina-de-handebol-para-os-jogos-de-toquio","status":"publish","type":"post","link":"https:\/\/diarioregionaldigital.com.br\/?p=185208","title":{"rendered":"Marcus Tat\u00e1 convoca sele\u00e7\u00e3o masculina de handebol para os Jogos de T\u00f3quio"},"content":{"rendered":"<p>A sele\u00e7\u00e3o masculina de handebol vai aos Jogos Ol\u00edmpicos de T\u00f3quio (Jap\u00e3o) com 15 atletas. A convoca\u00e7\u00e3o foi realizada nesta segunda-feira (12.07) pelo t\u00e9cnico Marcus Tat\u00e1. O grupo est\u00e1 na Alemanha, onde disputou dois amistosos &#8211; contra as sele\u00e7\u00f5es germ\u00e2nica e eg\u00edpicia &#8211; e embarca nesta ter\u00e7a (13.07) para a cidade japonesa de Ota, onde seguir\u00e1 a prepara\u00e7\u00e3o. O Brasil estreia contra a Noruega, em 23 de julho, a partir das 21h (hor\u00e1rio de Bras\u00edlia).<\/p>\n<div class=\"\">\n<div id=\"content\">\n<article>\n<div id=\"content-core\">\n<div id=\"parent-fieldname-text\" class=\"\">\n<p class=\"callout\"><strong>CONVOCADOS<\/strong><\/p>\n<p><strong>Pontas-esquerdas<\/strong>: Guilherme Torriani e Felipe Borges<br \/>\n<strong>Pontas-direitas<\/strong>: Rudolph Hackbarth e F\u00e1bio Chiuffa<br \/>\n<strong>Laterais-esquerdos<\/strong>: Thiago Ponciano, Leonardo Dutra, Thiago Petrus e Haniel Langaro<br \/>\n<strong>Laterais-direitos<\/strong>: Gustavo Rodrigues e Jos\u00e9 Guilherme Toledo<br \/>\n<strong>Central<\/strong>: Jo\u00e3o Pedro da Silva;<br \/>\n<strong>Piv\u00f4s<\/strong>: Rog\u00e9rio Moraes e Vin\u00edcius Teixeira<br \/>\n<strong>Goleiros<\/strong>: Rangel da Rosa e Leonardo Tercariol<\/p>\n<p>O Brasil est\u00e1 no Grupo A, junto com Espanha &#8211; atual campe\u00e3 europeia -, Argentina, Alemanha, Fran\u00e7a e Noruega. A melhor campanha da sele\u00e7\u00e3o nacional nos Jogos ocorreu em casa, na Rio 2016: a equipe caiu nas quartas de final para os franceses e terminou em s\u00e9timo.<\/p>\n<p>No \u00faltimo fim de semana, o Brasil n\u00e3o foi bem no Torneio de Nuremberg (Alemanha), em fase preparat\u00f3ria para os Jogos. perdeu para os anfitri\u00f5es alem\u00e3es por 36 x 26 e foi foi superada pelos eg\u00edpcios por 32 x 25.<\/p>\n<p class=\"callout\"><strong>PROGRAMA\u00c7\u00c3O &#8211; PRIMEIRA FASE (hor\u00e1rios de Bras\u00edlia &#8211; DF)<\/strong><\/p>\n<p>23 de julho &#8211; 21h &#8211; Brasil x Noruega<br \/>\n25 de julho &#8211; 21h &#8211; Brasil x Fran\u00e7a<br \/>\n28 de julho &#8211; 7h30 &#8211; Brasil x Espanha<br \/>\n29 de julho &#8211; 21h &#8211; Argentina x Brasil<br \/>\n1\u00ba de agosto &#8211; 7h30 &#8211; Alemanha x Brasil<\/p>\n<p>Fonte: Ag\u00eancia Brasil<\/p>\n<\/div>\n<\/div>\n<div class=\"visualClear\"><\/div>\n<div class=\"documentActions\"><\/div>\n<\/article>\n<\/div>\n<\/div>\n<div id=\"viewlet-below-content\">\n<div class=\"horizontal\">\n<div class=\"sociallike-network-facebook\">\n<div class=\"fb-share-button fb_iframe_widget\" data-layout=\"button_count\" data-href=\"http:\/\/rededoesporte.gov.br\/pt-br\/noticias\/marcus-tata-convoca-selecao-masculina-de-handebol-para-toquio-2020\"><\/div>\n<\/div>\n<\/div>\n<\/div>\n","protected":false},"excerpt":{"rendered":"<p>A sele\u00e7\u00e3o masculina de handebol vai aos Jogos Ol\u00edmpicos de T\u00f3quio (Jap\u00e3o) com 15 atletas. A convoca\u00e7\u00e3o foi realizada nesta segunda-feira (12.07) pelo t\u00e9cnico Marcus Tat\u00e1. O grupo est\u00e1 na Alemanha, onde disputou dois amistosos &#8211; contra as sele\u00e7\u00f5es germ\u00e2nica e eg\u00edpicia &#8211; e embarca nesta ter\u00e7a (13.07) para a cidade japonesa de Ota, onde [&hellip;]<\/p>\n","protected":false},"author":246,"featured_media":185209,"comment_status":"closed","ping_status":"closed","sticky":false,"template":"","format":"standard","meta":{"footnotes":""},"categories":[436,257,439],"tags":[],"class_list":["post-185208","post","type-post","status-publish","format-standard","has-post-thumbnail","hentry","category-destaque-da-semana","category-esporte","category-ultima-hora"],"_links":{"self":[{"href":"https:\/\/diarioregionaldigital.com.br\/index.php?rest_route=\/wp\/v2\/posts\/185208","targetHints":{"allow":["GET"]}}],"collection":[{"href":"https:\/\/diarioregionaldigital.com.br\/index.php?rest_route=\/wp\/v2\/posts"}],"about":[{"href":"https:\/\/diarioregionaldigital.com.br\/index.php?rest_route=\/wp\/v2\/types\/post"}],"author":[{"embeddable":true,"href":"https:\/\/diarioregionaldigital.com.br\/index.php?rest_route=\/wp\/v2\/users\/246"}],"replies":[{"embeddable":true,"href":"https:\/\/diarioregionaldigital.com.br\/index.php?rest_route=%2Fwp%2Fv2%2Fcomments&post=185208"}],"version-history":[{"count":1,"href":"https:\/\/diarioregionaldigital.com.br\/index.php?rest_route=\/wp\/v2\/posts\/185208\/revisions"}],"predecessor-version":[{"id":185210,"href":"https:\/\/diarioregionaldigital.com.br\/index.php?rest_route=\/wp\/v2\/posts\/185208\/revisions\/185210"}],"wp:featuredmedia":[{"embeddable":true,"href":"https:\/\/diarioregionaldigital.com.br\/index.php?rest_route=\/wp\/v2\/media\/185209"}],"wp:attachment":[{"href":"https:\/\/diarioregionaldigital.com.br\/index.php?rest_route=%2Fwp%2Fv2%2Fmedia&parent=185208"}],"wp:term":[{"taxonomy":"category","embeddable":true,"href":"https:\/\/diarioregionaldigital.com.br\/index.php?rest_route=%2Fwp%2Fv2%2Fcategories&post=185208"},{"taxonomy":"post_tag","embeddable":true,"href":"https:\/\/diarioregionaldigital.com.br\/index.php?rest_route=%2Fwp%2Fv2%2Ftags&post=185208"}],"curies":[{"name":"wp","href":"https:\/\/api.w.org\/{rel}","templated":true}]}}