{"id":185204,"date":"2021-07-12T17:36:54","date_gmt":"2021-07-12T20:36:54","guid":{"rendered":"https:\/\/diarioregionaldigital.com.br\/?p=185204"},"modified":"2021-07-12T17:36:54","modified_gmt":"2021-07-12T20:36:54","slug":"selecao-de-judo-realiza-primeiro-treino-em-hamamatsu","status":"publish","type":"post","link":"https:\/\/diarioregionaldigital.com.br\/?p=185204","title":{"rendered":"Sele\u00e7\u00e3o de jud\u00f4 realiza primeiro treino em Hamamatsu"},"content":{"rendered":"<p>Hamamatsu \u00e9 a cidade mais brasileira de Jap\u00e3o. Estima-se que cerca de 10.000 habitantes da cidade nasceram no Brasil. E faltando 11 dias para a Cerim\u00f4nia de Abertura de T\u00f3quio 2020, o local est\u00e1 ainda um pouco mais verde e amarelo. Neste domingo, 11.07, a sele\u00e7\u00e3o de jud\u00f4 realizou o primeiro treino no Gin\u00e1sio Yuto, que receber\u00e1 os atletas no per\u00edodo pr\u00e9-Jogos Ol\u00edmpicos. Eric Takabatake (60kg), Daniel Cargnin (66kg), Eduardo Katsuhiro Barbosa (73kg), Rafael \u201cBaby\u201d Silva (+100kg), Gabriela Chibana (48kg) e Larissa Pimenta (52kg), todos os convocados que j\u00e1 est\u00e3o no Jap\u00e3o, participaram da atividade regenerativa.<\/p>\n<p>\u201c\u00c9 essencial chegar com essa anteced\u00eancia, ter essa estrutura montada ao longo de cinco anos de muita troca, com todas as \u00e1reas da equipe multidisciplinar dando sugest\u00f5es para que, agora, estivesse tudo pronto para receber a equipe e tenho certeza que os atletas est\u00e3o muito satisfeitos\u201d, disse Ney Wilson, gestor de alto rendimento da Confedera\u00e7\u00e3o Brasileira de Jud\u00f4 e chefe da equipe de jud\u00f4 na Miss\u00e3o T\u00f3quio 2020.<\/p>\n<p>O momento foi um pouco mais especial para Eduardo Katsuhiro. Ele viveu na cidade por 14 anos com sua av\u00f3. A Confedera\u00e7\u00e3o Brasileira de Jud\u00f4 utiliza a instala\u00e7\u00e3o desde 2016 e, por isso, Dudu, como \u00e9 conhecido, teve outras oportunidades de treinar junto com a sele\u00e7\u00e3o na cidade. Desta vez, sem ter amigos, conhecidos e at\u00e9 parentes por perto, como nas outras vezes, o que n\u00e3o muda em nada o sentimento de estar em casa do outro lado do planeta.<\/p>\n<p>\u201cO mundo \u00e9 pequeno. Indescrit\u00edvel a sensa\u00e7\u00e3o de estar fazendo a aclimata\u00e7\u00e3o para os meus primeiros Jogos Ol\u00edmpicos na cidade onde passei minha inf\u00e2ncia. Por causa de todos os protocolos necess\u00e1rios para nossa seguran\u00e7a, n\u00e3o vou estar perto dos amigos, mas s\u00f3 de estar em Hamamatsu, sinto que minha energia ser\u00e1 maior e vou chegar bem no dia da competi\u00e7\u00e3o. Estou feliz de estar aqui\u201d, disse Katsuhiro.<\/p>\n<p>J\u00e1 para Larissa Pimenta, outra das estreantes em Jogos Ol\u00edmpicos, os dias que antecedem o in\u00edcio do torneio de jud\u00f4 em Hamamatsu ser\u00e3o importantes para focar totalmente nos Jogos. \u201cNessa reta final \u00e9 manter uma alimenta\u00e7\u00e3o boa, cuidar do peso, seguir os protocolos para n\u00e3o ter riscos \u00e0 sa\u00fade e ir entrando no fuso hor\u00e1rio, aclimatando mesmo para irmos bem na competi\u00e7\u00e3o. O meu objetivo \u00e9 dar o melhor, mas tamb\u00e9m me divertir e viver intensamente cada momento dentro dos Jogos\u201d, disse a peso meio-leve.<\/p>\n<p>Os outros sete atletas da sele\u00e7\u00e3o chegam a Hamamatsu no dia 15 de julho. A competi\u00e7\u00e3o de jud\u00f4 em T\u00f3quio ser\u00e1 realizada no lend\u00e1rio Nippon Budokan, gin\u00e1sio constru\u00eddo para os Jogos Ol\u00edmpicos de 1964, e come\u00e7a no dia 24 com a categoria ligeiro em que o Brasil ter\u00e1 Eric Takabatake e Gabriela Chibana.<\/p>\n<p>A base do Time Brasil na prov\u00edncia de Shizuoka recebe as equipes feminina e masculina de t\u00eanis de mesa na pr\u00f3xima quarta-feira, 13, e a de gin\u00e1stica r\u00edtmica no dia 25. Ao todo, 75 integrantes da Miss\u00e3o passar\u00e3o pela cidade, deixando Hamamatsu ainda mais brasileira.<\/p>\n<p>Fonte: Comit\u00ea Ol\u00edmpico do Brasil<\/p>\n","protected":false},"excerpt":{"rendered":"<p>Hamamatsu \u00e9 a cidade mais brasileira de Jap\u00e3o. Estima-se que cerca de 10.000 habitantes da cidade nasceram no Brasil. E faltando 11 dias para a Cerim\u00f4nia de Abertura de T\u00f3quio 2020, o local est\u00e1 ainda um pouco mais verde e amarelo. Neste domingo, 11.07, a sele\u00e7\u00e3o de jud\u00f4 realizou o primeiro treino no Gin\u00e1sio Yuto, [&hellip;]<\/p>\n","protected":false},"author":246,"featured_media":185205,"comment_status":"closed","ping_status":"closed","sticky":false,"template":"","format":"standard","meta":{"footnotes":""},"categories":[436,257,439],"tags":[],"class_list":["post-185204","post","type-post","status-publish","format-standard","has-post-thumbnail","hentry","category-destaque-da-semana","category-esporte","category-ultima-hora"],"_links":{"self":[{"href":"https:\/\/diarioregionaldigital.com.br\/index.php?rest_route=\/wp\/v2\/posts\/185204","targetHints":{"allow":["GET"]}}],"collection":[{"href":"https:\/\/diarioregionaldigital.com.br\/index.php?rest_route=\/wp\/v2\/posts"}],"about":[{"href":"https:\/\/diarioregionaldigital.com.br\/index.php?rest_route=\/wp\/v2\/types\/post"}],"author":[{"embeddable":true,"href":"https:\/\/diarioregionaldigital.com.br\/index.php?rest_route=\/wp\/v2\/users\/246"}],"replies":[{"embeddable":true,"href":"https:\/\/diarioregionaldigital.com.br\/index.php?rest_route=%2Fwp%2Fv2%2Fcomments&post=185204"}],"version-history":[{"count":2,"href":"https:\/\/diarioregionaldigital.com.br\/index.php?rest_route=\/wp\/v2\/posts\/185204\/revisions"}],"predecessor-version":[{"id":185207,"href":"https:\/\/diarioregionaldigital.com.br\/index.php?rest_route=\/wp\/v2\/posts\/185204\/revisions\/185207"}],"wp:featuredmedia":[{"embeddable":true,"href":"https:\/\/diarioregionaldigital.com.br\/index.php?rest_route=\/wp\/v2\/media\/185205"}],"wp:attachment":[{"href":"https:\/\/diarioregionaldigital.com.br\/index.php?rest_route=%2Fwp%2Fv2%2Fmedia&parent=185204"}],"wp:term":[{"taxonomy":"category","embeddable":true,"href":"https:\/\/diarioregionaldigital.com.br\/index.php?rest_route=%2Fwp%2Fv2%2Fcategories&post=185204"},{"taxonomy":"post_tag","embeddable":true,"href":"https:\/\/diarioregionaldigital.com.br\/index.php?rest_route=%2Fwp%2Fv2%2Ftags&post=185204"}],"curies":[{"name":"wp","href":"https:\/\/api.w.org\/{rel}","templated":true}]}}