{"id":185200,"date":"2021-07-12T17:34:54","date_gmt":"2021-07-12T20:34:54","guid":{"rendered":"https:\/\/diarioregionaldigital.com.br\/?p=185200"},"modified":"2021-07-12T17:34:54","modified_gmt":"2021-07-12T20:34:54","slug":"no-ultimo-torneio-antes-de-toquio-duplas-olimpicas-fazem-dobradinha-em-gstaad","status":"publish","type":"post","link":"https:\/\/diarioregionaldigital.com.br\/?p=185200","title":{"rendered":"No \u00faltimo torneio antes de T\u00f3quio, duplas ol\u00edmpicas fazem dobradinha em Gstaad"},"content":{"rendered":"<p>O \u00faltimo torneio de v\u00f4lei de praia antes dos Jogos Ol\u00edmpicos terminou com dobradinha brasileira no alto do p\u00f3dio da competi\u00e7\u00e3o feminina. A final da etapa de Gstaad do Circuito Mundial de v\u00f4lei de praia 2021, na Su\u00ed\u00e7a, teve um duelo entre as duplas que representar\u00e3o o Brasil em T\u00f3quio, e \u00c1gatha e Duda (PR\/SE) conquistaram o ouro com uma vit\u00f3ria por 23\/21 e 21\/18 sobre Ana Patricia e Rebecca (MG\/CE), que ficaram com a prata neste domingo (11.07).<\/p>\n<p>O t\u00edtulo na Su\u00ed\u00e7a foi o s\u00e9timo de \u00c1gatha\/Duda no Circuito Mundial. Jogando juntas, elas t\u00eam ainda cinco medalhas de prata e oito de bronze. Para Duda, que ganhou o nono ouro no circuito, a proximidade com os Jogos Ol\u00edmpicos torna a conquista ainda mais especial.<\/p>\n<p>\u201cEu estou empolgada. \u00c9 o primeiro ouro aqui para mim e para \u00c1gatha. E a atmosfera est\u00e1 bonita, a cidade de Gstaad \u00e9 linda. Para n\u00f3s, \u00e9 uma emo\u00e7\u00e3o estar aqui. O ouro para n\u00f3s \u00e9 especial, porque \u00e9 o \u00faltimo torneio antes de T\u00f3quio\u201d, afirmou Duda.<\/p>\n<p>Para \u00c1gatha, a medalha tamb\u00e9m significa o fim de um jejum em Gstaad. A primeira vez que ela disputou a etapa foi em 2005, ao lado de Sandra Pires, terminando na 17\u00aa posi\u00e7\u00e3o, e ela nunca tinha conseguido subir ao p\u00f3dio. \u201cA primeira vez que vim aqui foi em 2005, 16 anos atr\u00e1s. E eu nunca ganhei esse sino (trof\u00e9u dado aos medalhistas em Gstaad). Nunca desista, nunca. No primeiro dia que joguei com a Duda aqui em 2017, nosso jogo foi t\u00e3o ruim, foi t\u00e3o ruim o torneio para a gente, e quando terminou eu chorei muito. E a Duda escreveu para mim: \u2018Parceira, um dia a gente vai ganhar esse sino. Espera, espera\u2019\u201d, disse \u00c1gatha.<\/p>\n<p>O v\u00f4lei de praia \u00e9 uma das 18 modalidades com presen\u00e7a de brasileiros em T\u00f3quio em que 100% dos convocados s\u00e3o integrantes do Bolsa Atleta, o programa de patroc\u00ednio individual do Governo Federal Brasileiro. No caso do v\u00f4lei de praia, os oito atletas (quatro no feminino e quatro no masculino) pertencem \u00e0 categoria P\u00f3dio, a principal do programa, voltada para atletas que se posicionam entre os 20 melhores do mundo. Ao todo, o Brasil tem 312 vagas em T\u00f3quio, em 33 modalidades, e cerca de 80% dos atletas s\u00e3o contemplados pelo Bolsa Atleta.<\/p>\n<p>Medalhistas de bronze em Gstaad em 2019, Ana Patricia e Rebecca voltaram a subir ao p\u00f3dio na etapa Su\u00ed\u00e7a e conquistaram a 10\u00aa medalha da dupla no Circuito Mundial (elas t\u00eam tr\u00eas ouros, tr\u00eas pratas e quatro bronzes no total). Para Rebecca, a conquista foi tamb\u00e9m uma oportunidade de homenagear a av\u00f3, que faleceu essa semana.<\/p>\n<p>\u201cA gente sai daqui feliz. Nossa caminhada foi muito dura. Passamos momentos dif\u00edceis, mas conseguimos ter calma, conversar e acertar os ponteiros para chegar bem at\u00e9 aqui. Foi um jog\u00e3o essa final. Claro que a gente queria ganhar. Tivemos alguns erros, principalmente no primeiro set, que precisamos rever. Mas quero exaltar a nossa evolu\u00e7\u00e3o. Patr\u00edcia foi gigante. Nossa comiss\u00e3o ajudou muito. E est\u00e1 a\u00ed o resultado do nosso trabalho. \u00c9 nosso segundo p\u00f3dio aqui em tr\u00eas etapas. Vamos levar tudo que vivemos aqui para T\u00f3quio e esperamos continuar nessa crescente\u201d, contou Rebecca.<\/p>\n<p>Antes da decis\u00e3o verde e amarela, \u00c1gatha e Duda haviam vencido Pavan\/Melissa (CAN) na semfinal, por 2 sets a 0 (21\/13 e 21\/18), e Ana Patricia e Rebecca derrotaram Kravcenoka\/Graudina (LET) por 24\/22, 18\/21 e 15\/6.<\/p>\n<p>Fonte: Confedera\u00e7\u00e3o Brasileira de V\u00f4lei<\/p>\n","protected":false},"excerpt":{"rendered":"<p>O \u00faltimo torneio de v\u00f4lei de praia antes dos Jogos Ol\u00edmpicos terminou com dobradinha brasileira no alto do p\u00f3dio da competi\u00e7\u00e3o feminina. A final da etapa de Gstaad do Circuito Mundial de v\u00f4lei de praia 2021, na Su\u00ed\u00e7a, teve um duelo entre as duplas que representar\u00e3o o Brasil em T\u00f3quio, e \u00c1gatha e Duda (PR\/SE) [&hellip;]<\/p>\n","protected":false},"author":246,"featured_media":185201,"comment_status":"closed","ping_status":"closed","sticky":false,"template":"","format":"standard","meta":{"footnotes":""},"categories":[436,257,439],"tags":[],"class_list":["post-185200","post","type-post","status-publish","format-standard","has-post-thumbnail","hentry","category-destaque-da-semana","category-esporte","category-ultima-hora"],"_links":{"self":[{"href":"https:\/\/diarioregionaldigital.com.br\/index.php?rest_route=\/wp\/v2\/posts\/185200","targetHints":{"allow":["GET"]}}],"collection":[{"href":"https:\/\/diarioregionaldigital.com.br\/index.php?rest_route=\/wp\/v2\/posts"}],"about":[{"href":"https:\/\/diarioregionaldigital.com.br\/index.php?rest_route=\/wp\/v2\/types\/post"}],"author":[{"embeddable":true,"href":"https:\/\/diarioregionaldigital.com.br\/index.php?rest_route=\/wp\/v2\/users\/246"}],"replies":[{"embeddable":true,"href":"https:\/\/diarioregionaldigital.com.br\/index.php?rest_route=%2Fwp%2Fv2%2Fcomments&post=185200"}],"version-history":[{"count":2,"href":"https:\/\/diarioregionaldigital.com.br\/index.php?rest_route=\/wp\/v2\/posts\/185200\/revisions"}],"predecessor-version":[{"id":185203,"href":"https:\/\/diarioregionaldigital.com.br\/index.php?rest_route=\/wp\/v2\/posts\/185200\/revisions\/185203"}],"wp:featuredmedia":[{"embeddable":true,"href":"https:\/\/diarioregionaldigital.com.br\/index.php?rest_route=\/wp\/v2\/media\/185201"}],"wp:attachment":[{"href":"https:\/\/diarioregionaldigital.com.br\/index.php?rest_route=%2Fwp%2Fv2%2Fmedia&parent=185200"}],"wp:term":[{"taxonomy":"category","embeddable":true,"href":"https:\/\/diarioregionaldigital.com.br\/index.php?rest_route=%2Fwp%2Fv2%2Fcategories&post=185200"},{"taxonomy":"post_tag","embeddable":true,"href":"https:\/\/diarioregionaldigital.com.br\/index.php?rest_route=%2Fwp%2Fv2%2Ftags&post=185200"}],"curies":[{"name":"wp","href":"https:\/\/api.w.org\/{rel}","templated":true}]}}