{"id":185197,"date":"2021-07-12T17:32:42","date_gmt":"2021-07-12T20:32:42","guid":{"rendered":"https:\/\/diarioregionaldigital.com.br\/?p=185197"},"modified":"2021-07-12T17:32:42","modified_gmt":"2021-07-12T20:32:42","slug":"fla-bate-chape-de-virada-e-volta-a-vencer-no-brasileiro","status":"publish","type":"post","link":"https:\/\/diarioregionaldigital.com.br\/?p=185197","title":{"rendered":"Fla bate Chape de virada e volta a vencer no Brasileiro"},"content":{"rendered":"<p>Com o novo t\u00e9cnico, Renato Ga\u00facho, acompanhando das tribunas do Maracan\u00e3, o Flamengo derrotou a Chapecoense por 2 a 1, de virada, pela 11\u00aa rodada do Campeonato Brasileiro. O triunfo, alcan\u00e7ado com gols de Arrascaeta e Michael (Perotti havia aberto o placar para a Chape), faz o Rubro-Negro subir para 15 pontos na tabela, ocupando provisoriamente a nona coloca\u00e7\u00e3o, mesmo com dois jogos a menos que a maioria dos concorrentes. A equipe catarinense, por sua vez, segue sem vencer e tem apenas quatro pontos somados, na pen\u00faltima coloca\u00e7\u00e3o.<img decoding=\"async\" src=\"https:\/\/agenciabrasil.ebc.com.br\/ebc.png?id=1415216&amp;o=node\" \/><img decoding=\"async\" src=\"https:\/\/agenciabrasil.ebc.com.br\/ebc.gif?id=1415216&amp;o=node\" \/><\/p>\n<p>O primeiro tempo no Maracan\u00e3 foi no m\u00e1ximo morno. O Flamengo, comandado interinamente por Mauricio Souza, t\u00e9cnico da equipe sub-20, criou mas n\u00e3o levou muito perigo. A melhor oportunidade acabou sendo da Chape, mas Fabinho, que aproveitou erro na sa\u00edda de bola do time carioca, parou no goleiro Diego Alves.<\/p>\n<p>Na\u00a0segunda\u00a0etapa, Diego Alves apareceu mais uma vez, mas agora de forma negativa. Em cobran\u00e7a de falta de Busanello, ele falhou ao tentar encaixar o chute e deu rebote, aproveitado imediatamente por Perotti, que abriu o placar aos 21 minutos.<\/p>\n<p>Pressionado, o Flamengo respondeu e foi ligeiro. Aos 32, ap\u00f3s bola n\u00e3o dominada por Pedro na entrada da \u00e1rea, Arrascaeta pegou de primeira, rasteiro, sem dar chances ao goleiro Jo\u00e3o Paulo.<\/p>\n<p>Quatro minutos depois, veio a virada em uma bela jogada de Michael, que recebeu na esquerda e passou por quatro defensores, incluindo o goleiro, para empurrar para a rede.<\/p>\n<p>O triunfo d\u00e1 tranquilidade para o novo t\u00e9cnico Renato Ga\u00facho, que assume a partir de agora, no lugar de Rog\u00e9rio Ceni. O compromisso mais pr\u00f3ximo na agenda rubro-negra \u00e9 a abertura das oitavas de final da Libertadores, diante do Defensa y Justicia, da Argentina, na\u00a0quarta-feira, fora de casa. Pelo Brasileiro, a equipe entra em campo no\u00a0domingo, diante do Bahia, em Salvador. J\u00e1 a Chapecoense vai em busca da primeira vit\u00f3ria na competi\u00e7\u00e3o tamb\u00e9m no\u00a0domingo, quando recebe o Cuiab\u00e1, outra equipe que ainda n\u00e3o venceu.<\/p>\n<p><strong>Cuiab\u00e1 iguala no fim contra o Cear\u00e1<\/strong><\/p>\n<p>A equipe mato-grossense poderia\u00a0ter\u00a0encerrado o jejum na noite deste\u00a0domingo, j\u00e1 que saiu na frente do Cear\u00e1, na Arena Pantanal, com o gol de cabe\u00e7a de Elton aos 26 minutos, ap\u00f3s cobran\u00e7a de escanteio da esquerda.<\/p>\n<p>Por\u00e9m, a expuls\u00e3o de Pep\u00ea, ainda no primeiro tempo, pelo segundo cart\u00e3o amarelo, dificultou a vida do Dourado.<\/p>\n<p>Na\u00a0segunda\u00a0etapa, com mais espa\u00e7o em campo e com a ajuda do meio-campo Lima, com duas assist\u00eancias, o Cear\u00e1 virou em 20 minutos, com gols de Rick e Jael.<\/p>\n<p>Mas j\u00e1 no finalzinho, aos 48, Jenison aproveitou a press\u00e3o do Cuiab\u00e1 para empatar.<\/p>\n<p>Foi o sexto empate do time no campeonato, no qual ocupa a 18\u00aa posi\u00e7\u00e3o. O Cear\u00e1, que n\u00e3o perde h\u00e1 sete jogos, soma 15, momentaneamente em 11\u00ba. O Voz\u00e3o agora entra em campo no\u00a0s\u00e1bado\u00a0(17) para enfrentar o Athletico Paranaense no Castel\u00e3o, em Fortaleza.<\/p>\n<p><span style=\"font-weight: 400;\">Fonte: Ag\u00eancia Brasil <\/span><\/p>\n","protected":false},"excerpt":{"rendered":"<p>Com o novo t\u00e9cnico, Renato Ga\u00facho, acompanhando das tribunas do Maracan\u00e3, o Flamengo derrotou a Chapecoense por 2 a 1, de virada, pela 11\u00aa rodada do Campeonato Brasileiro. O triunfo, alcan\u00e7ado com gols de Arrascaeta e Michael (Perotti havia aberto o placar para a Chape), faz o Rubro-Negro subir para 15 pontos na tabela, ocupando [&hellip;]<\/p>\n","protected":false},"author":246,"featured_media":185198,"comment_status":"closed","ping_status":"closed","sticky":false,"template":"","format":"standard","meta":{"footnotes":""},"categories":[440,257,439],"tags":[],"class_list":["post-185197","post","type-post","status-publish","format-standard","has-post-thumbnail","hentry","category-destaques-do-dia","category-esporte","category-ultima-hora"],"_links":{"self":[{"href":"https:\/\/diarioregionaldigital.com.br\/index.php?rest_route=\/wp\/v2\/posts\/185197","targetHints":{"allow":["GET"]}}],"collection":[{"href":"https:\/\/diarioregionaldigital.com.br\/index.php?rest_route=\/wp\/v2\/posts"}],"about":[{"href":"https:\/\/diarioregionaldigital.com.br\/index.php?rest_route=\/wp\/v2\/types\/post"}],"author":[{"embeddable":true,"href":"https:\/\/diarioregionaldigital.com.br\/index.php?rest_route=\/wp\/v2\/users\/246"}],"replies":[{"embeddable":true,"href":"https:\/\/diarioregionaldigital.com.br\/index.php?rest_route=%2Fwp%2Fv2%2Fcomments&post=185197"}],"version-history":[{"count":1,"href":"https:\/\/diarioregionaldigital.com.br\/index.php?rest_route=\/wp\/v2\/posts\/185197\/revisions"}],"predecessor-version":[{"id":185199,"href":"https:\/\/diarioregionaldigital.com.br\/index.php?rest_route=\/wp\/v2\/posts\/185197\/revisions\/185199"}],"wp:featuredmedia":[{"embeddable":true,"href":"https:\/\/diarioregionaldigital.com.br\/index.php?rest_route=\/wp\/v2\/media\/185198"}],"wp:attachment":[{"href":"https:\/\/diarioregionaldigital.com.br\/index.php?rest_route=%2Fwp%2Fv2%2Fmedia&parent=185197"}],"wp:term":[{"taxonomy":"category","embeddable":true,"href":"https:\/\/diarioregionaldigital.com.br\/index.php?rest_route=%2Fwp%2Fv2%2Fcategories&post=185197"},{"taxonomy":"post_tag","embeddable":true,"href":"https:\/\/diarioregionaldigital.com.br\/index.php?rest_route=%2Fwp%2Fv2%2Ftags&post=185197"}],"curies":[{"name":"wp","href":"https:\/\/api.w.org\/{rel}","templated":true}]}}